{"id":68631,"date":"2020-05-01T01:00:56","date_gmt":"2020-05-01T04:00:56","guid":{"rendered":"http:\/\/vinasfm.com\/noticias\/?p=68631"},"modified":"2020-05-01T02:49:13","modified_gmt":"2020-05-01T05:49:13","slug":"portezuelo-el-ministro-mario-isgro-destaco-el-favorable-impacto-economico-y-energetico-que-generara-en-mendoza","status":"publish","type":"post","link":"https:\/\/vinasfm.com\/noticias\/portezuelo-el-ministro-mario-isgro-destaco-el-favorable-impacto-economico-y-energetico-que-generara-en-mendoza\/","title":{"rendered":"PORTEZUELO: EL MINISTRO MARIO ISGR\u00d3 DESTAC\u00d3 EL FAVORABLE IMPACTO ECON\u00d3MICO Y ENERG\u00c9TICO QUE GENERAR\u00c1 EN MENDOZA"},"content":{"rendered":"<h4><strong>El pasado martes el Gobernador Rodolfo Suarez confirm\u00f3 que la Naci\u00f3n envi\u00f3 el tercer desembolso, pactado en un acuerdo que otorga seguridad jur\u00eddica al proyecto Portezuelo del Viento, que priorizar\u00e1 el trabajo local. La fecha de presentaci\u00f3n de ofertas se mantiene el 2 de junio de este a\u00f1o. Sobre estos y otros temas, se pronunci\u00f3 a trav\u00e9s de F.M. Vi\u00f1as el <\/strong><strong>Ministro de Planificaci\u00f3n e Infraestructura P\u00fablica de Mendoza, Mario Isgr\u00f3.<\/strong><\/h4>\n<h5 style=\"text-align: left;\"><strong>Frase destacada: <\/strong><strong><em>\u201cQueremos y necesitamos que suceda pronto el Mendoza esta obra hist\u00f3rica\u201d.<\/em><\/strong><\/h5>\n<p>Esta es la culminaci\u00f3n de un sue\u00f1o que naci\u00f3 en los a\u00f1os 50 del siglo pasado y que, gracias al trabajo en equipo del Gobierno de Mendoza se hace realidad.<\/p>\n<p>Ubicada sobre el r\u00edo Grande, en el sure\u00f1o departamento de Malarg\u00fce, la presa tendr\u00e1 capacidad para abastecer de energ\u00eda a 130.000 hogares, cuatro veces m\u00e1s de lo que genera el dique Potrerillos: \u201c<strong><em>Portezuelo <\/em><\/strong><em>es mucho m\u00e1s grande pero similar al proceso en Potrerillos donde <strong>los objetivos se basan en cuidar el agua haciendo una presa para tener reserva de agua y sobre todo el beneficio ser\u00e1 la generaci\u00f3n de energ\u00eda<\/strong><\/em>\u201d, expres\u00f3 el funcionario.<\/p>\n<p>Gracias al acuerdo firmado entre la Provincia y la Naci\u00f3n en junio, los fondos cuentan con la seguridad jur\u00eddica para que este proyecto, el m\u00e1s importante para la provincia, se ejecute y quede como legado para generaciones futuras.<\/p>\n<p>Isgr\u00f3 se enfoc\u00f3 en los pro de este ambicioso proyecto ya que, seg\u00fan explic\u00f3, \u201c<strong><em>el agua de riego que produce R\u00edo Grande y a posterior R\u00edo Colorado es agua que utilizan las provincias de Neuqu\u00e9n, R\u00edo Negro, La Pampa y sur de Buenos Aires por eso es una obra importante<\/em><\/strong>\u201d, destac\u00f3 al igual que sostuvo que beneficiar\u00e1 \u201c<strong><em>al sur de Mendoza generando energ\u00eda para abastecer a la provincia y en el proceso de construcci\u00f3n y de mantenimiento de esa obra se genera mucho empleo<\/em><\/strong>\u201d.<\/p>\n<p>En total, <strong>Mendoza va a recibir 1.023 millones de d\u00f3lares en los pr\u00f3ximos cinco a\u00f1os<\/strong>. El dinero se utilizar\u00e1 para realizar la <strong>obra civil hidroel\u00e9ctrica<\/strong>, <strong>la traza de las dos rutas<\/strong> y <strong>la relocalizaci\u00f3n del pueblo de Las Loicas<\/strong> por lo que esta obra <em>\u201c<strong>no podr\u00e1 dejar afuera a empresas locales ya que tenemos por ley la compra mendocina y se contempla en la oferta ciertos beneficios para quien tenga empresas mendocinas componiendo el consorcio que se presenta a la obra por lo cual de una forma u otra habr\u00e1 empresas locales participando<\/strong>\u201d, <\/em>a\u00f1adi\u00f3 el Ministro.<\/p>\n<p>En la misma l\u00ednea, el funcionario asegur\u00f3: \u201c<strong><em>Tendremos consorcios que conforman la presentaci\u00f3n protag\u00f3nica y empresas proveedoras de esos consorcios, como subcontratistas, y en este proceso licitatorio <\/em><\/strong><strong><em>es importante que las empresas locales tengan contacto entre s\u00ed<\/em><\/strong><em> por m\u00e1s que nosotros no podamos mediar en este momento por la cuarentena\u201d.<\/em><\/p>\n<p>Adem\u00e1s de recibir los 16,3 millones de d\u00f3lares del tercer desembolso, <strong>Mendoza mantiene la fecha 2 de junio para la presentaci\u00f3n de ofertas y apertura de sobres<\/strong>, cuyas bases se pueden consultar\u00a0<a href=\"http:\/\/compras.mendoza.gov.ar\/2020\/02\/28\/portezuelo-del-viento\/\">aqu\u00ed<\/a>.<\/p>\n<p><em>\u201c<strong>No solo transmitimos tranquilidad desde el Gobierno de Mendoza sino que los invitamos a que se sumen todos a trabajar en este proceso de oferta<\/strong>&#8211; <\/em>coment\u00f3-<em> Falta un tiempo hasta el 2 de junio y si consideramos que se est\u00e1 trabajando desde octubre llevamos varios meses que las empresas han contado para trabajar hasta el 2 de junio para que se presenten a las ofertas por lo que esperamos que sea exitosa la licitaci\u00f3n\u201d<\/em><\/p>\n<p>Al ser consultado por el pliego y el estudio de la obra, Mario Isgr\u00f3 respondi\u00f3: <em>\u201c<strong>El pliego se estudi\u00f3 mucho y en el proceso de consulta que atravesamos se van salvando las dudas, pero es complejo en cuanto al desafi\u00f3 de la ejecuci\u00f3n de la obra dici\u00e9ndolo del lado positivo<\/strong>\u201d.<\/em><\/p>\n<p>La obra marca un hito porque, adem\u00e1s de generar 3.500 puestos de trabajo y priorizar la mano de obra local, est\u00e1 \u00edntegramente en manos de la Provincia, que ya imparte cursos de capacitaci\u00f3n para pymes y trabajadores, de la mano de la Universidad Nacional de Cuyo.<\/p>\n<p>La venta de esta energ\u00eda futura, adem\u00e1s, va a permitir que ese dinero sea afectado a un fideicomiso para desarrollar proyectos similares en Mendoza:\u00a0\u201c<strong><em>Hay servicios, inform\u00e1tica, log\u00edstica, gastronom\u00eda, hoteler\u00eda, salud, educaci\u00f3n todas las disciplinas que impactan indirectamente en esta obra porque habr\u00e1 gente trabajando durante algunos a\u00f1os y muchas de esas personas que tiene\u00a0 familias por lo que generar\u00e1 desarrollo en servicios accesorios a la obra primaria<\/em><\/strong><em>\u201d<\/em>, concluy\u00f3 Mario Isgr\u00f3.<\/p>\n<h4 style=\"text-align: center;\"><strong>DETALLES T\u00c9CNICOS<\/strong><\/h4>\n<p>Portezuelo del Viento tendr\u00e1 una presa de hormig\u00f3n compactado a rodillo de 185 metros de altura, con capacidad para almacenar 2 mil hect\u00f3metros c\u00fabicos de agua.<\/p>\n<p>Adem\u00e1s de la presa, la construcci\u00f3n incluye una central hidroel\u00e9ctrica asociada, equipada con 3 turbinas Francis de 30 MW cada una, alimentado por un t\u00fanel de 700 m de largo y 6 m de di\u00e1metro y una tuber\u00eda forzada de 40 m de largo.<\/p>\n<p><a href=\"http:\/\/vinasfm.com\/noticias\/wp-content\/uploads\/2020\/04\/image5a7fc661395b9.jpg\"><img loading=\"lazy\" decoding=\"async\" class=\"size-medium wp-image-68639 alignleft\" src=\"http:\/\/vinasfm.com\/noticias\/wp-content\/uploads\/2020\/04\/image5a7fc661395b9-272x300.jpg\" alt=\"\" width=\"272\" height=\"300\" srcset=\"https:\/\/vinasfm.com\/noticias\/wp-content\/uploads\/2020\/04\/image5a7fc661395b9-272x300.jpg 272w, https:\/\/vinasfm.com\/noticias\/wp-content\/uploads\/2020\/04\/image5a7fc661395b9-768x847.jpg 768w, https:\/\/vinasfm.com\/noticias\/wp-content\/uploads\/2020\/04\/image5a7fc661395b9.jpg 850w\" sizes=\"auto, (max-width: 272px) 100vw, 272px\" \/><\/a><\/p>\n<p>La central tendr\u00e1 una potencia instalada de 210 MW, que generar\u00e1 a lo largo de un a\u00f1o una energ\u00eda media de 889 GWh.<\/p>\n<p>El dique tendr\u00e1 un vertedero curvo, dise\u00f1ado para una crecida prevista cada diez mil a\u00f1os, de 1.600 m\u00b3\/s. En total, se utilizar\u00edan casi 10 millones de metros c\u00fabicos de materiales sueltos y hormig\u00f3n.<\/p>\n<p>Por \u00faltimo, el proyecto requiere la construcci\u00f3n de una l\u00ednea de alta tensi\u00f3n hasta la ciudad de Malarg\u00fce, de unos 75 km de longitud, hasta conectar al sistema nacional de electricidad.<\/p>\n<p>Para complementar las obras, el Estado reubicar\u00e1 a unas 200 familias que viven en Las Loicas, una peque\u00f1a localidad sobre la ruta 145. El nuevo pueblo se ubicar\u00e1 en la costa sur del lago, en una regi\u00f3n con alt\u00edsimo potencial tur\u00edstico, que adem\u00e1s contar\u00e1 con nuevas rutas.<\/p>\n<h5><em>F.B. (F.M. Vi\u00f1as).<\/em><\/h5>\n","protected":false},"excerpt":{"rendered":"<p>El pasado martes el Gobernador Rodolfo Suarez confirm\u00f3 que la Naci\u00f3n envi\u00f3 el tercer desembolso, pactado en un acuerdo que otorga &#8230;<\/p>\n","protected":false},"author":8,"featured_media":68637,"comment_status":"open","ping_status":"open","sticky":false,"template":"","format":"standard","meta":{"footnotes":""},"categories":[1],"tags":[],"class_list":["post-68631","post","type-post","status-publish","format-standard","has-post-thumbnail","hentry","category-fmvinas"],"_links":{"self":[{"href":"https:\/\/vinasfm.com\/noticias\/wp-json\/wp\/v2\/posts\/68631","targetHints":{"allow":["GET"]}}],"collection":[{"href":"https:\/\/vinasfm.com\/noticias\/wp-json\/wp\/v2\/posts"}],"about":[{"href":"https:\/\/vinasfm.com\/noticias\/wp-json\/wp\/v2\/types\/post"}],"author":[{"embeddable":true,"href":"https:\/\/vinasfm.com\/noticias\/wp-json\/wp\/v2\/users\/8"}],"replies":[{"embeddable":true,"href":"https:\/\/vinasfm.com\/noticias\/wp-json\/wp\/v2\/comments?post=68631"}],"version-history":[{"count":1,"href":"https:\/\/vinasfm.com\/noticias\/wp-json\/wp\/v2\/posts\/68631\/revisions"}],"predecessor-version":[{"id":68643,"href":"https:\/\/vinasfm.com\/noticias\/wp-json\/wp\/v2\/posts\/68631\/revisions\/68643"}],"wp:featuredmedia":[{"embeddable":true,"href":"https:\/\/vinasfm.com\/noticias\/wp-json\/wp\/v2\/media\/68637"}],"wp:attachment":[{"href":"https:\/\/vinasfm.com\/noticias\/wp-json\/wp\/v2\/media?parent=68631"}],"wp:term":[{"taxonomy":"category","embeddable":true,"href":"https:\/\/vinasfm.com\/noticias\/wp-json\/wp\/v2\/categories?post=68631"},{"taxonomy":"post_tag","embeddable":true,"href":"https:\/\/vinasfm.com\/noticias\/wp-json\/wp\/v2\/tags?post=68631"}],"curies":[{"name":"wp","href":"https:\/\/api.w.org\/{rel}","templated":true}]}}