{"id":68620,"date":"2020-04-30T15:00:44","date_gmt":"2020-04-30T18:00:44","guid":{"rendered":"http:\/\/vinasfm.com\/noticias\/?p=68620"},"modified":"2020-05-01T12:13:03","modified_gmt":"2020-05-01T15:13:03","slug":"como-continuan-los-programas-de-asistencia-municipal-y-tarjeta-alimentar-en-alvear","status":"publish","type":"post","link":"https:\/\/vinasfm.com\/noticias\/como-continuan-los-programas-de-asistencia-municipal-y-tarjeta-alimentar-en-alvear\/","title":{"rendered":"C\u00d3MO CONTIN\u00daAN LOS PROGRAMAS DE ASISTENCIA MUNICIPAL Y TARJETA ALIMENTAR EN ALVEAR"},"content":{"rendered":"<h4><strong>Desde la Direcci\u00f3n de Contingencias Sociales, Fernando \u00c1lvarez, se refiri\u00f3 al funcionamiento de los programas de asistencia social en el departamento y sobre la situaci\u00f3n de los beneficiarios de la tarjeta Alimentar. <\/strong><\/h4>\n<p>Con la cuarentena, hoy \u201cadministrada\u201d, el funcionario expres\u00f3 que \u201c<em>nos llev\u00f3 a tener un panorama distinto y m\u00e1s creativo organizando las jornadas para asistir y acompa\u00f1ar \u00a0a los vecinos, en <strong>un total de 80 y 120 familias por d\u00eda conteniendo y ayudando<\/strong><\/em>\u201d<\/p>\n<p>Al ser consultado por la continuidad de los programas sociales que dependen de la comuna, \u00c1lvarez consider\u00f3 luego de la cuarentena \u201c<em>no va a tener que ver tanto con los recursos sino <strong>tendr\u00e1 m\u00e1s que ver con la cuesti\u00f3n psicol\u00f3gica de los vecinos como resultado de la cuarentena<\/strong><\/em><strong> <em>y estamos pensando con el equipo de trabajadoras sociales en trabajar con ni\u00f1os y adultos brindando herramientas necesarias<\/em><\/strong><em>\u201d.<\/em><\/p>\n<p>Sobre las <strong>tarjetas Alimentar<\/strong>, \u00c1lvarez record\u00f3: <em>\u201cEl operativo de entrega en Mendoza se suspendi\u00f3 ya que justo coincidi\u00f3 con el inicio de la cuarentena. <strong>Las tarjetas f\u00edsicamente nunca llegaron a General Alvear<\/strong>. Nos informaron que iban a utilizar una misma cuenta en el banco que posee el vecino a trav\u00e9s de las asignaciones. <strong>La selecci\u00f3n de los beneficiarios fue luego de un cruce de datos que hizo el Ministerio de Desarrollo Social y la ANSES<\/strong>\u201d.<\/em><\/p>\n<p>Al ser un programa netamente nacional, asegur\u00f3 que para saldar dudas, los vecinos deben ingresar a <a href=\"http:\/\/www.anses.gob.ar\">www.anses.gob.ar<\/a> y verificar si han sido beneficiarios, cronogramas y reclamos: <em>\u201c<strong>Hasta el d\u00eda de hoy no tenemos informaci\u00f3n de los beneficiarios en Alvear ya que viene digitado de Naci\u00f3n y no se nos permiti\u00f3 participar<\/strong>. <strong>Fue una l\u00e1stima que no se haya coordinado el trabajo de municipio-provincia-naci\u00f3n<\/strong>\u201d, <\/em>y en la misma l\u00ednea subray\u00f3<em> \u201c<strong>El departamento no tiene ninguna injerencia sobre la tarjeta Alimentar;<\/strong> si ten\u00edamos informaci\u00f3n sobre el operativo de entrega y prestamos el espacio\u201d.<\/em><\/p>\n<h5><em>F.B. (F.M. Vi\u00f1as).<\/em><\/h5>\n","protected":false},"excerpt":{"rendered":"<p>Desde la Direcci\u00f3n de Contingencias Sociales, Fernando \u00c1lvarez, se refiri\u00f3 al funcionamiento de los programas de asistencia social en el departamento &#8230;<\/p>\n","protected":false},"author":8,"featured_media":66384,"comment_status":"open","ping_status":"open","sticky":false,"template":"","format":"standard","meta":{"footnotes":""},"categories":[5,31],"tags":[],"class_list":["post-68620","post","type-post","status-publish","format-standard","has-post-thumbnail","hentry","category-actualidad","category-desarrollo-social"],"_links":{"self":[{"href":"https:\/\/vinasfm.com\/noticias\/wp-json\/wp\/v2\/posts\/68620","targetHints":{"allow":["GET"]}}],"collection":[{"href":"https:\/\/vinasfm.com\/noticias\/wp-json\/wp\/v2\/posts"}],"about":[{"href":"https:\/\/vinasfm.com\/noticias\/wp-json\/wp\/v2\/types\/post"}],"author":[{"embeddable":true,"href":"https:\/\/vinasfm.com\/noticias\/wp-json\/wp\/v2\/users\/8"}],"replies":[{"embeddable":true,"href":"https:\/\/vinasfm.com\/noticias\/wp-json\/wp\/v2\/comments?post=68620"}],"version-history":[{"count":1,"href":"https:\/\/vinasfm.com\/noticias\/wp-json\/wp\/v2\/posts\/68620\/revisions"}],"predecessor-version":[{"id":68626,"href":"https:\/\/vinasfm.com\/noticias\/wp-json\/wp\/v2\/posts\/68620\/revisions\/68626"}],"wp:featuredmedia":[{"embeddable":true,"href":"https:\/\/vinasfm.com\/noticias\/wp-json\/wp\/v2\/media\/66384"}],"wp:attachment":[{"href":"https:\/\/vinasfm.com\/noticias\/wp-json\/wp\/v2\/media?parent=68620"}],"wp:term":[{"taxonomy":"category","embeddable":true,"href":"https:\/\/vinasfm.com\/noticias\/wp-json\/wp\/v2\/categories?post=68620"},{"taxonomy":"post_tag","embeddable":true,"href":"https:\/\/vinasfm.com\/noticias\/wp-json\/wp\/v2\/tags?post=68620"}],"curies":[{"name":"wp","href":"https:\/\/api.w.org\/{rel}","templated":true}]}}