{"id":68618,"date":"2020-04-30T09:29:45","date_gmt":"2020-04-30T12:29:45","guid":{"rendered":"http:\/\/vinasfm.com\/noticias\/?p=68618"},"modified":"2020-04-30T11:56:30","modified_gmt":"2020-04-30T14:56:30","slug":"escuela-de-agricultura-la-escuela-no-ha-cerrado-sus-actividades-solo-su-edificio","status":"publish","type":"post","link":"https:\/\/vinasfm.com\/noticias\/escuela-de-agricultura-la-escuela-no-ha-cerrado-sus-actividades-solo-su-edificio\/","title":{"rendered":"ESCUELA DE AGRICULTURA: \u00abLA ESCUELA NO HA CERRADO SUS ACTIVIDADES, S\u00d3LO SU EDIFICIO\u00bb"},"content":{"rendered":"<h4><strong>En tiempos de cuarentena y aislamiento las escuelas han tenido que adaptarse y adoptar diferentes herramientas para poder seguir brindando educaci\u00f3n.<\/strong><\/h4>\n<p>En contacto con F.M. Vi\u00f1as, el Director de la Escuela de Agricultura Marcelo Sauer, coment\u00f3 que las primeras semanas fueron un poco alocadas por la sorpresa del Coronavirus y la necesidad de adaptarse, pero \u201cya estamos ordenados y trabajando bastante bien\u201d.<\/p>\n<p>Con aquellos chicos que no tienen conectividad, si bien son pocos, se han comprado paquetes de datos para que puedan conectarse a internet, se han entregado provisoriamente computadoras que ten\u00eda la escuela del programa \u201cConectar Igualdad\u201d y algunas otras herramientas. \u201cHemos tratado de cubrir las posibilidades para llegar a todos los chicos\u201d, se\u00f1al\u00f3.<\/p>\n<p><strong><em>\u201cLos chicos est\u00e1n en clase. La escuela no ha cerrado sus actividades, solo ha cerrado su edificio\u201d<\/em><\/strong>, sostuvo. Los preceptores est\u00e1n cumpliendo su rol, los docentes el suyo. Previo a la cuarentena, el personal educativo hab\u00eda estado capacit\u00e1ndose en el uso de plataformas virtuales.<\/p>\n<p>En el caso de las evaluaciones se ha acordado la direcci\u00f3n de Educaci\u00f3n Secundaria de la UNCUYO, que todas las evaluaciones sean de proceso. Las mismas van a ser reci\u00e9n cuando se vuelva a las clases presenciales.<\/p>\n<p><em>\u201cVa a ser un a\u00f1o diferente pero que no se va a perder\u201d,<\/em> complet\u00f3.<\/p>\n<h5><strong><em>A.C.<\/em><\/strong><\/h5>\n","protected":false},"excerpt":{"rendered":"<p>En tiempos de cuarentena y aislamiento las escuelas han tenido que adaptarse y adoptar diferentes herramientas para poder seguir brindando educaci\u00f3n. &#8230;<\/p>\n","protected":false},"author":7,"featured_media":4351,"comment_status":"open","ping_status":"open","sticky":false,"template":"","format":"standard","meta":{"footnotes":""},"categories":[5,18],"tags":[],"class_list":["post-68618","post","type-post","status-publish","format-standard","has-post-thumbnail","hentry","category-actualidad","category-educacion"],"_links":{"self":[{"href":"https:\/\/vinasfm.com\/noticias\/wp-json\/wp\/v2\/posts\/68618","targetHints":{"allow":["GET"]}}],"collection":[{"href":"https:\/\/vinasfm.com\/noticias\/wp-json\/wp\/v2\/posts"}],"about":[{"href":"https:\/\/vinasfm.com\/noticias\/wp-json\/wp\/v2\/types\/post"}],"author":[{"embeddable":true,"href":"https:\/\/vinasfm.com\/noticias\/wp-json\/wp\/v2\/users\/7"}],"replies":[{"embeddable":true,"href":"https:\/\/vinasfm.com\/noticias\/wp-json\/wp\/v2\/comments?post=68618"}],"version-history":[{"count":1,"href":"https:\/\/vinasfm.com\/noticias\/wp-json\/wp\/v2\/posts\/68618\/revisions"}],"predecessor-version":[{"id":68621,"href":"https:\/\/vinasfm.com\/noticias\/wp-json\/wp\/v2\/posts\/68618\/revisions\/68621"}],"wp:featuredmedia":[{"embeddable":true,"href":"https:\/\/vinasfm.com\/noticias\/wp-json\/wp\/v2\/media\/4351"}],"wp:attachment":[{"href":"https:\/\/vinasfm.com\/noticias\/wp-json\/wp\/v2\/media?parent=68618"}],"wp:term":[{"taxonomy":"category","embeddable":true,"href":"https:\/\/vinasfm.com\/noticias\/wp-json\/wp\/v2\/categories?post=68618"},{"taxonomy":"post_tag","embeddable":true,"href":"https:\/\/vinasfm.com\/noticias\/wp-json\/wp\/v2\/tags?post=68618"}],"curies":[{"name":"wp","href":"https:\/\/api.w.org\/{rel}","templated":true}]}}