{"id":68609,"date":"2020-04-30T10:25:36","date_gmt":"2020-04-30T13:25:36","guid":{"rendered":"http:\/\/vinasfm.com\/noticias\/?p=68609"},"modified":"2020-05-01T01:09:38","modified_gmt":"2020-05-01T04:09:38","slug":"ciclista-sufrio-fractura-expuesta-tras-colisionar-con-una-moto-en-el-b-san-carlos","status":"publish","type":"post","link":"https:\/\/vinasfm.com\/noticias\/ciclista-sufrio-fractura-expuesta-tras-colisionar-con-una-moto-en-el-b-san-carlos\/","title":{"rendered":"CICLISTA SUFRI\u00d3 FRACTURA EXPUESTA TRAS COLISIONAR CON UNA MOTO EN EL B\u00b0 SAN CARLOS"},"content":{"rendered":"<h4><strong>Cerca de las 12:15h de este mi\u00e9rcoles, una ciclista fue hospitalizada luego participar de un accidente de tr\u00e1nsito junto con una moto en calle Alberdi de Ciudad.<\/strong><\/h4>\n<p>Al mando del rodado, una <strong>Bici Sport<\/strong>, se desplazaba <strong>una mujer<\/strong> (<em><strong>45<\/strong><\/em>) por calle Alberdi (B\u00b0 San Carlos) hacia el sur y a la altura de la intersecci\u00f3n con calle Arist\u00f3bulo del Valle <strong>fue embestida por una Motomel 70cc<\/strong> que circulaba en la misma direcci\u00f3n, conducida por un hombre de 51 a\u00f1os.<\/p>\n<p>La Polic\u00eda trata de establecer los causales de la mec\u00e1nica del siniestro que produjo que la conductora del rodado menor, de apellido Far\u00edas, terminara cayendo pesadamente al pavimento. Por su parte el motociclista, de apellido L\u00f3pez, no revisti\u00f3 lesiones de gravedad.<\/p>\n<p>Far\u00edas fue trasladada al hospital \u00abEnfermeros Argentinos\u00bb donde le diagnosticaron <strong>fractura expuesta de mano izquierda<\/strong> y fue asistida por los traumatismos varios que presentaba <strong>quedando internada en el pabell\u00f3n A<\/strong>.<\/p>\n<p>De acuerdo al trabajo de Polic\u00eda Vial y personal de Comisar\u00eda 14\u00b0, la Unidad Fiscal de Gral. Alvear labr\u00f3 las actuaciones correspondientes en averiguaci\u00f3n de los hechos.<\/p>\n<h5><em>F.B. (F.M. Vi\u00f1as).<\/em><\/h5>\n","protected":false},"excerpt":{"rendered":"<p>Cerca de las 12:15h de este mi\u00e9rcoles, una ciclista fue hospitalizada luego participar de un accidente de tr\u00e1nsito junto con una &#8230;<\/p>\n","protected":false},"author":8,"featured_media":68610,"comment_status":"open","ping_status":"open","sticky":false,"template":"","format":"standard","meta":{"footnotes":""},"categories":[5,4],"tags":[],"class_list":["post-68609","post","type-post","status-publish","format-standard","has-post-thumbnail","hentry","category-actualidad","category-policiales"],"_links":{"self":[{"href":"https:\/\/vinasfm.com\/noticias\/wp-json\/wp\/v2\/posts\/68609","targetHints":{"allow":["GET"]}}],"collection":[{"href":"https:\/\/vinasfm.com\/noticias\/wp-json\/wp\/v2\/posts"}],"about":[{"href":"https:\/\/vinasfm.com\/noticias\/wp-json\/wp\/v2\/types\/post"}],"author":[{"embeddable":true,"href":"https:\/\/vinasfm.com\/noticias\/wp-json\/wp\/v2\/users\/8"}],"replies":[{"embeddable":true,"href":"https:\/\/vinasfm.com\/noticias\/wp-json\/wp\/v2\/comments?post=68609"}],"version-history":[{"count":1,"href":"https:\/\/vinasfm.com\/noticias\/wp-json\/wp\/v2\/posts\/68609\/revisions"}],"predecessor-version":[{"id":68619,"href":"https:\/\/vinasfm.com\/noticias\/wp-json\/wp\/v2\/posts\/68609\/revisions\/68619"}],"wp:featuredmedia":[{"embeddable":true,"href":"https:\/\/vinasfm.com\/noticias\/wp-json\/wp\/v2\/media\/68610"}],"wp:attachment":[{"href":"https:\/\/vinasfm.com\/noticias\/wp-json\/wp\/v2\/media?parent=68609"}],"wp:term":[{"taxonomy":"category","embeddable":true,"href":"https:\/\/vinasfm.com\/noticias\/wp-json\/wp\/v2\/categories?post=68609"},{"taxonomy":"post_tag","embeddable":true,"href":"https:\/\/vinasfm.com\/noticias\/wp-json\/wp\/v2\/tags?post=68609"}],"curies":[{"name":"wp","href":"https:\/\/api.w.org\/{rel}","templated":true}]}}