{"id":68602,"date":"2020-04-30T10:13:16","date_gmt":"2020-04-30T13:13:16","guid":{"rendered":"http:\/\/vinasfm.com\/noticias\/?p=68602"},"modified":"2020-04-30T11:56:24","modified_gmt":"2020-04-30T14:56:24","slug":"como-sera-la-primera-asamblea-legislativa-online-y-quienes-asistiran-este-viernes","status":"publish","type":"post","link":"https:\/\/vinasfm.com\/noticias\/como-sera-la-primera-asamblea-legislativa-online-y-quienes-asistiran-este-viernes\/","title":{"rendered":"C\u00d3MO SER\u00c1 LA PRIMERA ASAMBLEA LEGISLATIVA ONLINE Y QUI\u00c9NES ASISTIR\u00c1N ESTE VIERNES"},"content":{"rendered":"<h4><strong>En un hecho in\u00e9dito en la provincia y en el pa\u00eds, este viernes 1 de mayo el gobernador Rodolfo Suarez brindar\u00e1 su discurso ante la Asamblea Legislativa por videoconferencia, dando as\u00ed apertura a las Sesiones Ordinarias correspondiente al 180 per\u00edodo legislativo anual y cumpliendo con el aislamiento social, preventivo y obligatorio que rige por la pandemia del Covid-19.<\/strong><\/h4>\n<p class=\"article-body-paragraph air-3 politica\">A diferencia de a\u00f1os anteriores, esta vez en la Legislatura <strong>solamente estar\u00e1n presentes,<\/strong> adem\u00e1s del mandatario provincial, el vicegobernador y presidente del Senado, <strong>Mario Abed<\/strong>; el presidente de C\u00e1mara de Diputados, <strong>Andr\u00e9s Lombardi<\/strong>; los secretarios legislativos de ambas c\u00e1maras,<strong>David S\u00e1ez y Carolina Lettry<\/strong>, de la Alta y de la Baja respectivamente.<\/p>\n<p class=\"article-body-paragraph air-3 politica\">En cuanto a las actividades protocolares \u00fanicamente se realizar\u00e1 el <strong>izamiento de la Bandera en Peatonal Sarmiento<\/strong> a cargo de las m\u00e1ximas autoridades legislativas.<\/p>\n<p class=\"article-body-paragraph air-3 politica\">Seg\u00fan dicta la Resoluci\u00f3n N\u00b099, <strong>la Asamblea comenzar\u00e1 a las 9<\/strong> y se \u00abusar\u00e1n las herramientas tecnol\u00f3gicas y disposiciones adoptadas oportunamente por las c\u00e1maras para la realizaci\u00f3n de la sesi\u00f3n en l\u00ednea\u00bb.<\/p>\n<p class=\"article-body-paragraph air-3 politica\">Tras un cuarto intermedio, el vicegobernador y presidente del Senado, Mario Abed y el presidente de C\u00e1mara de Diputados, Andr\u00e9s Lombardi, recibir\u00e1n al gobernador Suarez y <strong>se reiniciar\u00e1 la Asamblea para escuchar el discurso del primer mandatario.<\/strong><\/p>\n<p class=\"article-body-paragraph air-3 politica\">De acuerdo al Art\u00edculo 84 de la Constituci\u00f3n Provincial, \u00ab<strong>las c\u00e1maras funcionar\u00e1n en sesiones ordinarias todos los a\u00f1os desde el 1 de mayo al 30 de septiembre<\/strong> y podr\u00e1n prorrogar sus sesiones por propia iniciativa hasta 30 d\u00edas. En la pr\u00f3rroga s\u00f3lo podr\u00e1n ocuparse del asunto o asuntos que le hayan dado origen y de las que el Poder Ejecutivo incluyese durante ella\u00bb.<\/p>\n<p class=\"article-body-paragraph air-3 politica\">\u00abEn la Legislatura s\u00f3lo va estar el gobernador y lo voy a acompa\u00f1ar en mi car\u00e1cter de vicegobernador y titular del Senado. Adem\u00e1s participar\u00e1 el presidente de la C\u00e1mara de Diputados, y todos los dem\u00e1s van a estar en sus domicilios\u00bb, manifest\u00f3 el vicegobernador Mario Abed.<\/p>\n<p class=\"article-body-paragraph air-3 politica\">En ese sentido, indic\u00f3: \u00ab<strong>Todo se televisar\u00e1 por una se\u00f1al \u00fanica de televisi\u00f3n y v\u00eda streaming<\/strong>\u00ab. Y agreg\u00f3: \u00abLas videoconferencias han funcionado muy bien en las sesiones, por lo que estoy muy contento, y he notado mucha receptividad y mucha colaboraci\u00f3n de parte de los legisladores de todos los bloques\u00bb.<\/p>\n<p class=\"article-body-paragraph air-3 politica\">Abed record\u00f3 que \u00ab<strong>la Legislatura de Mendoza fue la primera en sesionar de manera digital por videoconferencia en todo el pa\u00eds <\/strong>y funcion\u00f3 todo muy bien, y de esta misma manera ser\u00e1 la Asamblea Legislativa\u00bb.<\/p>\n<p class=\"article-body-paragraph air-3 politica\">Por su parte, el presidente de la C\u00e1mara de Diputados, Andr\u00e9s Lombardi, sostuvo que \u00abla Asamblea de este 2020 va a ser hist\u00f3rica, porque <strong>es la primera vez que se va a hacer por videoconferencia en Mendoza<\/strong>, que se va a transmitir desde la Legislatura, con la sola presencia de las m\u00e1ximas autoridades de ambas c\u00e1maras\u00bb.<\/p>\n<p class=\"article-body-paragraph air-3 politica\">\u00abVamos a recibir al gobernador y vamos a acompa\u00f1arlo en su discurso inaugural del 180 per\u00edodo legislativo anual. El resto de los legisladores van a estar conectados v\u00eda Zoom y los invitados, tanto ministros, intendentes, legisladores nacionales, miembros del Poder Judicial y del Cuerpo Consular, van a poder seguirlo por streaming o por los canales de TV.\u00bb, explic\u00f3.<\/p>\n<h4 class=\"article-body-paragraph air-3 politica\"><strong>El cronograma completo de actividades:<\/strong><\/h4>\n<p class=\"article-body-paragraph air-3 politica\"><strong>9.15<\/strong>\u00a0 Izamiento de la Bandera en Paseo Sarmiento a cargo del vicegobernador y del presidente de la C\u00e1mara de Diputados.<\/p>\n<p class=\"article-body-paragraph air-3 politica\"><strong>9.30\u00a0<\/strong>\u00a0Inicio de la Asamblea Legislativa.<\/p>\n<p class=\"article-body-paragraph air-3 politica\"><strong>9.45<\/strong>\u00a0 Recibimiento del gobernador e ingreso al recinto de sesiones.<\/p>\n<p class=\"article-body-paragraph air-3 politica\"><strong>10<\/strong>\u00a0Se reinicia la Asamblea. El gobernador ofrece su mensaje a la Asamblea Legislativa.<\/p>\n<h5><em>F.B.<\/em><\/h5>\n","protected":false},"excerpt":{"rendered":"<p>En un hecho in\u00e9dito en la provincia y en el pa\u00eds, este viernes 1 de mayo el gobernador Rodolfo Suarez brindar\u00e1 &#8230;<\/p>\n","protected":false},"author":8,"featured_media":43092,"comment_status":"open","ping_status":"open","sticky":false,"template":"","format":"standard","meta":{"footnotes":""},"categories":[5,43],"tags":[],"class_list":["post-68602","post","type-post","status-publish","format-standard","has-post-thumbnail","hentry","category-actualidad","category-legislatura"],"_links":{"self":[{"href":"https:\/\/vinasfm.com\/noticias\/wp-json\/wp\/v2\/posts\/68602","targetHints":{"allow":["GET"]}}],"collection":[{"href":"https:\/\/vinasfm.com\/noticias\/wp-json\/wp\/v2\/posts"}],"about":[{"href":"https:\/\/vinasfm.com\/noticias\/wp-json\/wp\/v2\/types\/post"}],"author":[{"embeddable":true,"href":"https:\/\/vinasfm.com\/noticias\/wp-json\/wp\/v2\/users\/8"}],"replies":[{"embeddable":true,"href":"https:\/\/vinasfm.com\/noticias\/wp-json\/wp\/v2\/comments?post=68602"}],"version-history":[{"count":2,"href":"https:\/\/vinasfm.com\/noticias\/wp-json\/wp\/v2\/posts\/68602\/revisions"}],"predecessor-version":[{"id":68623,"href":"https:\/\/vinasfm.com\/noticias\/wp-json\/wp\/v2\/posts\/68602\/revisions\/68623"}],"wp:featuredmedia":[{"embeddable":true,"href":"https:\/\/vinasfm.com\/noticias\/wp-json\/wp\/v2\/media\/43092"}],"wp:attachment":[{"href":"https:\/\/vinasfm.com\/noticias\/wp-json\/wp\/v2\/media?parent=68602"}],"wp:term":[{"taxonomy":"category","embeddable":true,"href":"https:\/\/vinasfm.com\/noticias\/wp-json\/wp\/v2\/categories?post=68602"},{"taxonomy":"post_tag","embeddable":true,"href":"https:\/\/vinasfm.com\/noticias\/wp-json\/wp\/v2\/tags?post=68602"}],"curies":[{"name":"wp","href":"https:\/\/api.w.org\/{rel}","templated":true}]}}