{"id":68562,"date":"2020-04-30T08:00:30","date_gmt":"2020-04-30T11:00:30","guid":{"rendered":"http:\/\/vinasfm.com\/noticias\/?p=68562"},"modified":"2020-05-01T12:00:30","modified_gmt":"2020-05-01T15:00:30","slug":"el-nuevo-desafio-de-cristina-da-dalt-como-gerente-de-la-udai-en-san-rafael","status":"publish","type":"post","link":"https:\/\/vinasfm.com\/noticias\/el-nuevo-desafio-de-cristina-da-dalt-como-gerente-de-la-udai-en-san-rafael\/","title":{"rendered":"EL NUEVO DESAF\u00cdO DE CRISTINA DA DALT COMO GERENTE DE LA UDAI DE SAN RAFAEL"},"content":{"rendered":"<h4><strong>La concejal sanrafaelina mandato cumplido, Contadora Cristina Da Dalt, se har\u00e1 cargo de la Unidad de Atenci\u00f3n Integral (<b>UDAI<\/b>) de<\/strong><strong>\u00a0ANSES en San Rafael. A trav\u00e9s de <em>F.M. Vi\u00f1as<\/em>, la dirigente justicialista que cuenta con una vasta experiencia en la funci\u00f3n p\u00fablica, se refiri\u00f3 al nombramiento y c\u00f3mo trabaja la entidad en medio de la cuarentena detonada por la pandemia del Covid-19.<\/strong><\/h4>\n<p style=\"padding-left: 40px;\"><strong>Da Dalt<\/strong>, profesora de Econom\u00eda, <strong>estuvo a cargo de la oficina de compras del municipio de San Rafael<\/strong>, <strong>luego cumpli\u00f3 como edil<\/strong>. Desde esa banca <strong>lleg\u00f3 a ser presidenta del Honorable Concejo Deliberante<\/strong>, posici\u00f3n que le posibilit\u00f3 <strong>estar a cargo del Ejecutivo<\/strong> durante varios meses, transici\u00f3n entre Omar y Emir F\u00e9lix en la conducci\u00f3n administrativa del vecino departamento.<\/p>\n<p><a href=\"http:\/\/vinasfm.com\/noticias\/wp-content\/uploads\/2020\/04\/cristina-dadalt-PORTADA-1.jpg\"><img loading=\"lazy\" decoding=\"async\" class=\"size-medium wp-image-68566 aligncenter\" src=\"http:\/\/vinasfm.com\/noticias\/wp-content\/uploads\/2020\/04\/cristina-dadalt-PORTADA-1-300x111.jpg\" alt=\"\" width=\"300\" height=\"111\" srcset=\"https:\/\/vinasfm.com\/noticias\/wp-content\/uploads\/2020\/04\/cristina-dadalt-PORTADA-1-300x111.jpg 300w, https:\/\/vinasfm.com\/noticias\/wp-content\/uploads\/2020\/04\/cristina-dadalt-PORTADA-1-1024x377.jpg 1024w, https:\/\/vinasfm.com\/noticias\/wp-content\/uploads\/2020\/04\/cristina-dadalt-PORTADA-1-768x283.jpg 768w, https:\/\/vinasfm.com\/noticias\/wp-content\/uploads\/2020\/04\/cristina-dadalt-PORTADA-1.jpg 1140w\" sizes=\"auto, (max-width: 300px) 100vw, 300px\" \/><\/a><\/p>\n<p>Oficialmente lleg\u00f3 esta semana la resoluci\u00f3n tras \u201c<strong><em>estar en contacto con el Jefe Regional, Carlos Gallo, y sus coordinadores donde nos coloca en este nuevo desaf\u00edo<\/em><\/strong>\u201d, expres\u00f3 <strong>Da Dalt<\/strong>, quien fungir\u00e1 el cargo desde el edificio de Mitre y Emilio Civit.<\/p>\n<p>Hist\u00f3ricamente la capacitaci\u00f3n para quienes eran nombrado a cargo de una delegaci\u00f3n de ANSES se hac\u00eda de manera intensiva \u00a0en Buenos Aires pero en este contexto la metodolog\u00eda altern\u00f3: \u201c<strong><em>A ra\u00edz de la cuarentena ha generado que la informaci\u00f3n la env\u00eden v\u00eda online. Es la realidad a la que nos tenemos que adaptar y quienes vamos asumiendo en esta situaci\u00f3n tenemos que ir aprendiendo el funcionamiento del sistema de acuerdo a esta manera<\/em><\/strong>\u201d.<\/p>\n<div id=\"attachment_68567\" style=\"width: 300px\" class=\"wp-caption alignleft\"><a href=\"http:\/\/vinasfm.com\/noticias\/wp-content\/uploads\/2020\/04\/WhatsApp-Image-2019-04-24-at-14.45.25.jpg\"><img loading=\"lazy\" decoding=\"async\" aria-describedby=\"caption-attachment-68567\" class=\"wp-image-68567 size-medium\" src=\"http:\/\/vinasfm.com\/noticias\/wp-content\/uploads\/2020\/04\/WhatsApp-Image-2019-04-24-at-14.45.25-300x150.jpg\" alt=\"\" width=\"300\" height=\"150\" srcset=\"https:\/\/vinasfm.com\/noticias\/wp-content\/uploads\/2020\/04\/WhatsApp-Image-2019-04-24-at-14.45.25-300x150.jpg 300w, https:\/\/vinasfm.com\/noticias\/wp-content\/uploads\/2020\/04\/WhatsApp-Image-2019-04-24-at-14.45.25-768x384.jpg 768w, https:\/\/vinasfm.com\/noticias\/wp-content\/uploads\/2020\/04\/WhatsApp-Image-2019-04-24-at-14.45.25.jpg 800w\" sizes=\"auto, (max-width: 300px) 100vw, 300px\" \/><\/a><p id=\"caption-attachment-68567\" class=\"wp-caption-text\">Cristina Da Dalt junto al intendente Emir F\u00e9lix.<\/p><\/div>\n<p>Al ser consultada por el estado de situaci\u00f3n en ANSES, asegur\u00f3: \u201c<strong><em>Los trabajadores no est\u00e1n trabajando de manera convencional<\/em><\/strong><em>. Solo <strong>algunos tienen clave para acceder al sistema desde sus hogares pero para dar respuesta solo al reclamo del Ingreso Familiar de Emergencia<\/strong><\/em>\u201d, y en la misma l\u00ednea sostuvo que \u201c<strong><em>est\u00e1 la posibilidad que el lunes de la pr\u00f3xima semana se pueda ir a las oficina pero no para atenci\u00f3n al p\u00fablico sino dar respuesta, desde all\u00ed, a los tr\u00e1mites pendientes a partir de la cuarentena<\/em><\/strong><em>. Esta pandemia nos ha encontrado arm\u00e1ndonos en ANSES y en todo sentido y se necesita ir de a poco avanzando sin perjudicar la salud de los vecinos<\/em>\u201d.<\/p>\n<p><em>\u00a0<\/em>Asimismo la funcionaria aconsej\u00f3 que <em>\u201cTodo aquel que tenga dudas debe ingresar a la p\u00e1gina <a href=\"http:\/\/www.anses.gob.ar\">www.anses.gob.ar<\/a> donde se brinda atenci\u00f3n virtual sobre los programas lanzados por Naci\u00f3n. Aquellos que han sido rechazados por la misma v\u00eda obtendr\u00e1n la respuesta y\/o confirmaci\u00f3n<\/em>\u201d<\/p>\n<p>\u201c<strong><em>No hemos tenido novedades respecto a qui\u00e9n ser\u00e1 nombrado en Alvear<\/em><\/strong><em>. Carlos Gallo nos explic\u00f3 que directamente se notifica a la persona que espera el nombramiento donde con anticipaci\u00f3n piden la documentaci\u00f3n pertinente. Tampoco sabe cu\u00e1ndo podr\u00eda conocerse el nombre<\/em>\u201d, respondi\u00f3 sobre el posible nuevo Jefe de ANSES en General Alvear, del cual hay nombres pero no confirmaciones.<\/p>\n<h5><em>F.B. (F.M. Vi\u00f1as).<\/em><\/h5>\n","protected":false},"excerpt":{"rendered":"<p>La concejal sanrafaelina mandato cumplido, Contadora Cristina Da Dalt, se har\u00e1 cargo de la Unidad de Atenci\u00f3n Integral (UDAI) de\u00a0ANSES en &#8230;<\/p>\n","protected":false},"author":8,"featured_media":68563,"comment_status":"open","ping_status":"open","sticky":false,"template":"","format":"standard","meta":{"footnotes":""},"categories":[5,10],"tags":[],"class_list":["post-68562","post","type-post","status-publish","format-standard","has-post-thumbnail","hentry","category-actualidad","category-destacadas"],"_links":{"self":[{"href":"https:\/\/vinasfm.com\/noticias\/wp-json\/wp\/v2\/posts\/68562","targetHints":{"allow":["GET"]}}],"collection":[{"href":"https:\/\/vinasfm.com\/noticias\/wp-json\/wp\/v2\/posts"}],"about":[{"href":"https:\/\/vinasfm.com\/noticias\/wp-json\/wp\/v2\/types\/post"}],"author":[{"embeddable":true,"href":"https:\/\/vinasfm.com\/noticias\/wp-json\/wp\/v2\/users\/8"}],"replies":[{"embeddable":true,"href":"https:\/\/vinasfm.com\/noticias\/wp-json\/wp\/v2\/comments?post=68562"}],"version-history":[{"count":1,"href":"https:\/\/vinasfm.com\/noticias\/wp-json\/wp\/v2\/posts\/68562\/revisions"}],"predecessor-version":[{"id":68574,"href":"https:\/\/vinasfm.com\/noticias\/wp-json\/wp\/v2\/posts\/68562\/revisions\/68574"}],"wp:featuredmedia":[{"embeddable":true,"href":"https:\/\/vinasfm.com\/noticias\/wp-json\/wp\/v2\/media\/68563"}],"wp:attachment":[{"href":"https:\/\/vinasfm.com\/noticias\/wp-json\/wp\/v2\/media?parent=68562"}],"wp:term":[{"taxonomy":"category","embeddable":true,"href":"https:\/\/vinasfm.com\/noticias\/wp-json\/wp\/v2\/categories?post=68562"},{"taxonomy":"post_tag","embeddable":true,"href":"https:\/\/vinasfm.com\/noticias\/wp-json\/wp\/v2\/tags?post=68562"}],"curies":[{"name":"wp","href":"https:\/\/api.w.org\/{rel}","templated":true}]}}