{"id":68355,"date":"2020-04-25T06:19:21","date_gmt":"2020-04-25T09:19:21","guid":{"rendered":"http:\/\/vinasfm.com\/noticias\/?p=68355"},"modified":"2020-04-27T10:17:45","modified_gmt":"2020-04-27T13:17:45","slug":"25-de-abril-dia-de-la-lucha-contra-el-maltrato-infantil","status":"publish","type":"post","link":"https:\/\/vinasfm.com\/noticias\/25-de-abril-dia-de-la-lucha-contra-el-maltrato-infantil\/","title":{"rendered":"25 DE ABRIL: D\u00cdA DE LA LUCHA CONTRA EL MALTRATO INFANTIL"},"content":{"rendered":"<h4><strong>El D\u00eda Internacional de Lucha contra el Maltrato Infantil, se conmemora cada 25 de abril con el objetivo de fomentar los derechos de los ni\u00f1os a nivel mundial y para concientizar a la sociedad sobre las consecuencias del maltrato en los ni\u00f1os.<\/strong><\/h4>\n<p>El maltrato infantil se define como los abusos y la desatenci\u00f3n de que son objeto los menores de 18 a\u00f1os, e incluye todos los tipos de maltrato f\u00edsico o psicol\u00f3gico, abuso sexual, desatenci\u00f3n, negligencia y explotaci\u00f3n comercial o de otro tipo que causen o puedan causar un da\u00f1o a la salud, desarrollo o dignidad del ni\u00f1o, o poner en peligro su supervivencia, en el contexto de una relaci\u00f3n de responsabilidad, confianza o poder. La exposici\u00f3n a la violencia de pareja tambi\u00e9n se incluye a veces entre las formas de maltrato infantil.<\/p>\n<p><strong>ALGUNAS DE LAS CLASES DE MALTRATO SON:\u00a0\u00a0\u00a0\u00a0\u00a0\u00a0\u00a0\u00a0\u00a0<\/strong><\/p>\n<ul>\n<li>&#8211; F\u00edsico: cualquier acci\u00f3n intencional que provoque da\u00f1os f\u00edsicos en el ni\u00f1o, sean estos visibles o no, como por ejemplo: quemaduras, golpes, pellizcos, fracturas, entre otras.<\/li>\n<li>&#8211; Psicol\u00f3gico: es cualquier actitud que provoque en el ni\u00f1o o ni\u00f1a sentimientos de descalificaci\u00f3n o humillaci\u00f3n.<\/li>\n<li>&#8211; Por negligencia: es la no protecci\u00f3n del ni\u00f1o ante eventuales riesgos y la no atenci\u00f3n de sus necesidades b\u00e1sicas cuando los padres o cuidadores est\u00e1n posibilitados para hacerlo.<\/li>\n<li>&#8211; Abuso sexual: es el ejercicio abusivo de poder de un adulto hacia un ni\u00f1o que implica la satisfacci\u00f3n sexual de quien lo ejerce en detrimento y desconocimiento de la voluntad del ni\u00f1o.<\/li>\n<li>&#8211; Otra forma de someter a los ni\u00f1os a situaciones de violencia es cuando estos son testigos de maltrato o abuso sexual hacia terceros. Se considera que las consecuencias son similares a las que experimentan los ni\u00f1os que viven la situaci\u00f3n de violencia en forma directa.<\/li>\n<\/ul>\n<p><strong>DONDE DENUNCIAR CASOS DE VIOLENCIA INFANTIL<\/strong><\/p>\n<p><strong>L\u00ednea 102<\/strong>: si sos menor de edad y necesitas ayuda o si ves una situaci\u00f3n de maltrato infantil, no dudes en llamar al 102. La L\u00ednea 102 ofrece un espacio de escucha y contenci\u00f3n, y coordina con instituciones que trabajan en la protecci\u00f3n de los derechos de menores de edad. Es gratuita y confidencial, y est\u00e1 disponible las 24hs los 365 d\u00edas del a\u00f1o.<\/p>\n<h5><em><strong>A.C.<\/strong><\/em><\/h5>\n","protected":false},"excerpt":{"rendered":"<p>El D\u00eda Internacional de Lucha contra el Maltrato Infantil, se conmemora cada 25 de abril con el objetivo de fomentar los &#8230;<\/p>\n","protected":false},"author":7,"featured_media":7737,"comment_status":"open","ping_status":"open","sticky":false,"template":"","format":"standard","meta":{"footnotes":""},"categories":[5,27],"tags":[],"class_list":["post-68355","post","type-post","status-publish","format-standard","has-post-thumbnail","hentry","category-actualidad","category-efemerides"],"_links":{"self":[{"href":"https:\/\/vinasfm.com\/noticias\/wp-json\/wp\/v2\/posts\/68355","targetHints":{"allow":["GET"]}}],"collection":[{"href":"https:\/\/vinasfm.com\/noticias\/wp-json\/wp\/v2\/posts"}],"about":[{"href":"https:\/\/vinasfm.com\/noticias\/wp-json\/wp\/v2\/types\/post"}],"author":[{"embeddable":true,"href":"https:\/\/vinasfm.com\/noticias\/wp-json\/wp\/v2\/users\/7"}],"replies":[{"embeddable":true,"href":"https:\/\/vinasfm.com\/noticias\/wp-json\/wp\/v2\/comments?post=68355"}],"version-history":[{"count":1,"href":"https:\/\/vinasfm.com\/noticias\/wp-json\/wp\/v2\/posts\/68355\/revisions"}],"predecessor-version":[{"id":68356,"href":"https:\/\/vinasfm.com\/noticias\/wp-json\/wp\/v2\/posts\/68355\/revisions\/68356"}],"wp:featuredmedia":[{"embeddable":true,"href":"https:\/\/vinasfm.com\/noticias\/wp-json\/wp\/v2\/media\/7737"}],"wp:attachment":[{"href":"https:\/\/vinasfm.com\/noticias\/wp-json\/wp\/v2\/media?parent=68355"}],"wp:term":[{"taxonomy":"category","embeddable":true,"href":"https:\/\/vinasfm.com\/noticias\/wp-json\/wp\/v2\/categories?post=68355"},{"taxonomy":"post_tag","embeddable":true,"href":"https:\/\/vinasfm.com\/noticias\/wp-json\/wp\/v2\/tags?post=68355"}],"curies":[{"name":"wp","href":"https:\/\/api.w.org\/{rel}","templated":true}]}}