{"id":68353,"date":"2020-04-27T09:49:42","date_gmt":"2020-04-27T12:49:42","guid":{"rendered":"http:\/\/vinasfm.com\/noticias\/?p=68353"},"modified":"2020-04-28T10:02:50","modified_gmt":"2020-04-28T13:02:50","slug":"lanzan-mercado-online-alvear-parte-del-plan-de-apoyo-a-comercios-y-productores-locales","status":"publish","type":"post","link":"https:\/\/vinasfm.com\/noticias\/lanzan-mercado-online-alvear-parte-del-plan-de-apoyo-a-comercios-y-productores-locales\/","title":{"rendered":"LANZAN &#8216;MERCADO ONLINE ALVEAR&#8217;, PARTE DEL PLAN DE APOYO A COMERCIOS Y PRODUCTORES LOCALES"},"content":{"rendered":"<h4><strong>Pensando en reactivar la econom\u00eda local, la Municipalidad a trav\u00e9s de la Direcci\u00f3n de Comunicaci\u00f3n y el \u00c1rea de Econom\u00eda Social trabaja en la instrumentaci\u00f3n de la plataforma de venta virtual \u201cMercado Online de Alvear\u201d. La misma beneficiar\u00e1 a comerciantes, artesanos y peque\u00f1os productores de nuestro departamento.<\/strong><\/h4>\n<p>Si bien este proyecto se ven\u00eda desarrollando desde hace meses, la misma se ampl\u00eda en el contexto de aislamiento que vivimos y que afecta en mayor medida a los rubros que se ha propuesto reactivar la Comuna: \u201c<em>Hace tiempo hab\u00edamos comenzado a elaborar esta herramienta en pos de brindarle un soluci\u00f3n de venta on-line a los feriantes del Mercado Municipal. Con esta pandemia que ha generado que comerciantes vean una ca\u00edda en sus ventas ya que los vecinos se resguardan en sus hogares, decidimos ampliar la plataforma<\/em>\u201d, expres\u00f3 a trav\u00e9s de <strong><em>F.M. Vi\u00f1as<\/em><\/strong> el <strong>Director de Comunicaci\u00f3n<\/strong>, <strong>Lic.<\/strong> <strong>Jorge Porta<\/strong>.<\/p>\n<p>En la misma l\u00ednea, Porta subray\u00f3: \u201c<em><strong>el funcionamiento es similar a la plataforma venta online por excelencia en Argentina<\/strong>. Hay t\u00e9cnicos trabajando de distintas a\u00e9reas de la comuna y tener ese personal preparado nos ha permitido encontrar esta plataforma en buen precio a la que <strong>el Municipio accedi\u00f3 y compr\u00f3 el dominio<\/strong> <a href=\"http:\/\/www.mercadoalvear.com.ar\">www.mercadoalvear.com.ar<\/a><\/em>\u201d<\/p>\n<p>Al ser consultado por el tiempo en qu\u00e9 tardar\u00e1 iniciar <strong>Mercado Online Alvear<\/strong>, el Director explic\u00f3: <em>\u201c<strong>Estamos en el periodo de preinscripci\u00f3n donde los comerciantes locales deber\u00e1n acreditar habilitaci\u00f3n para que en los pr\u00f3ximos d\u00edas comencemos con la etapa de prueba<\/strong>. <strong>Estamos organiz\u00e1ndonos y armando los tutoriales para que puedan conocer de qu\u00e9 se trata este nuevo servicio, crear su usuario, describir los productos que carguen y dem\u00e1s<\/strong>\u201d.<\/em><\/p>\n<p>Asegur\u00f3 que han mantenido reuniones con comerciantes y confes\u00f3 que est\u00e1n entusiasmados en adaptar este servicio. Tal ha sido el \u00e9xito de la iniciativa que <strong>en 24h se preinscribieron m\u00e1s de 100 comercios<\/strong>.<\/p>\n<p><strong>Mercado Online Alvear<\/strong> llega como nexo entre el comerciante y el vecino: \u201c<em>Se da una soluci\u00f3n a los vecinos para que no tengan la necesidad de salir de sus hogares. Y post pandemia quedar\u00e1 vigente y marcar\u00e1 un precedente en el avance e inclusi\u00f3n de la tecnolog\u00eda<\/em>\u201d, sostuvo.<\/p>\n<p>Siguiendo el objetivo inicial, servir\u00e1 como apoyo a los nuevos y peque\u00f1os emprendedores en distintos rubros. La misma incluir\u00e1 bienes y servicios, lo que la convierte en un amplio espacio de prestaci\u00f3n.<\/p>\n<p>Los comercios que quieran adherirse pueden hacerlo completando el formulario que se encuentra en <a href=\"http:\/\/inscripciones.mercadoalvear.com.ar\"><strong><em>inscripciones.mercadoalvear.com.ar<\/em><\/strong><\/a> o comunic\u00e1ndose al <strong>2625 638260 <\/strong>(\u00c1rea de Econom\u00eda Social): \u201c<em>El Municipio actuar\u00e1 de administrador y quiero resaltar que es un mercado abierto, no es municipal. <strong>Estableceremos normas con base a la situaci\u00f3n de cada comercio y ayudaremos que aquellos que quieran participar cuenten con nuestra ayuda para formalizar el crecimiento de los comercios y peque\u00f1os emprendedores<\/strong>\u201d, <\/em>puntualiz\u00f3 el Director de Comunicaci\u00f3n.<\/p>\n<p>Finalmente confirm\u00f3 que <strong>es totalmente gratuita para los comerciantes la adhesi\u00f3n a la plataforma<\/strong>, es decir, no se cobrar\u00e1 a cada usuario un canon. <strong>Ser\u00e1 el Municipio el que se har\u00e1 cargo de los costos de mantenimiento del dominio<\/strong>.<\/p>\n<h5><em>F.B. (F.M. Vi\u00f1as).<\/em><\/h5>\n","protected":false},"excerpt":{"rendered":"<p>Pensando en reactivar la econom\u00eda local, la Municipalidad a trav\u00e9s de la Direcci\u00f3n de Comunicaci\u00f3n y el \u00c1rea de Econom\u00eda Social &#8230;<\/p>\n","protected":false},"author":8,"featured_media":68361,"comment_status":"open","ping_status":"open","sticky":false,"template":"","format":"standard","meta":{"footnotes":""},"categories":[5],"tags":[],"class_list":["post-68353","post","type-post","status-publish","format-standard","has-post-thumbnail","hentry","category-actualidad"],"_links":{"self":[{"href":"https:\/\/vinasfm.com\/noticias\/wp-json\/wp\/v2\/posts\/68353","targetHints":{"allow":["GET"]}}],"collection":[{"href":"https:\/\/vinasfm.com\/noticias\/wp-json\/wp\/v2\/posts"}],"about":[{"href":"https:\/\/vinasfm.com\/noticias\/wp-json\/wp\/v2\/types\/post"}],"author":[{"embeddable":true,"href":"https:\/\/vinasfm.com\/noticias\/wp-json\/wp\/v2\/users\/8"}],"replies":[{"embeddable":true,"href":"https:\/\/vinasfm.com\/noticias\/wp-json\/wp\/v2\/comments?post=68353"}],"version-history":[{"count":1,"href":"https:\/\/vinasfm.com\/noticias\/wp-json\/wp\/v2\/posts\/68353\/revisions"}],"predecessor-version":[{"id":68360,"href":"https:\/\/vinasfm.com\/noticias\/wp-json\/wp\/v2\/posts\/68353\/revisions\/68360"}],"wp:featuredmedia":[{"embeddable":true,"href":"https:\/\/vinasfm.com\/noticias\/wp-json\/wp\/v2\/media\/68361"}],"wp:attachment":[{"href":"https:\/\/vinasfm.com\/noticias\/wp-json\/wp\/v2\/media?parent=68353"}],"wp:term":[{"taxonomy":"category","embeddable":true,"href":"https:\/\/vinasfm.com\/noticias\/wp-json\/wp\/v2\/categories?post=68353"},{"taxonomy":"post_tag","embeddable":true,"href":"https:\/\/vinasfm.com\/noticias\/wp-json\/wp\/v2\/tags?post=68353"}],"curies":[{"name":"wp","href":"https:\/\/api.w.org\/{rel}","templated":true}]}}