{"id":68329,"date":"2020-04-24T12:16:23","date_gmt":"2020-04-24T15:16:23","guid":{"rendered":"http:\/\/vinasfm.com\/noticias\/?p=68329"},"modified":"2020-04-24T12:25:44","modified_gmt":"2020-04-24T15:25:44","slug":"diputados-elabora-un-protocolo-de-actuacion-y-prevencion-del-covid-19-para-la-legislatura","status":"publish","type":"post","link":"https:\/\/vinasfm.com\/noticias\/diputados-elabora-un-protocolo-de-actuacion-y-prevencion-del-covid-19-para-la-legislatura\/","title":{"rendered":"DIPUTADOS ELABORA UN PROTOCOLO DE ACTUACI\u00d3N Y PREVENCI\u00d3N DEL COVID-19 PARA LA LEGISLATURA"},"content":{"rendered":"<h4><strong>Mediante una iniciativa de la diputada sanrafaelina Hebe Casado (PRO) aprobada por la C\u00e1mara Baja, se propuso elaborar un protocolo de actuaci\u00f3n con la finalidad de evitar la transmisi\u00f3n del COVID-19 en el Poder Legislativo. <\/strong><\/h4>\n<p>Entre otros aspectos, busca evitar en forma preventiva la concurrencia al establecimiento de personas que hayan circulado en los pa\u00edses donde el virus se encuentra m\u00e1s desarrollado y reforzar las medidas de prevenci\u00f3n.<\/p>\n<p>El proyecto obtuvo el aval del Cuerpo durante la sesi\u00f3n desarrollada ayer de forma virtual, tal como lo vienen haciendo ambas C\u00e1maras desde el inicio del aislamiento social, preventivo y obligatorio.<\/p>\n<p>Seg\u00fan expres\u00f3 Casado, \u201c<strong><em>el objetivo es evitar la propagaci\u00f3n del virus y por ello, consideramos necesario que la Legislatura cuente con un protocolo preventivo de contagio<\/em><\/strong>\u201d.<\/p>\n<p>\u201c<strong><em>Resulta conveniente adoptar medidas excepcionales de car\u00e1cter preventivo sobre todo en lugares donde asisten en forma continua y permanente gran cantidad de personas como es nuestra Legislatura Provincial<\/em><\/strong>\u201d, que puedan ser de aplicaci\u00f3n tanto en este momento \u2013 teniendo en cuenta que hay oficinas que contin\u00faan funcionando de manera presencial con un n\u00famero reducido de personas -, como cuando se levante la cuarentena, indic\u00f3 por otra parte la diputada en la fundamentaci\u00f3n.<\/p>\n<p>\u201c<em>Se sugiere, por ejemplo, reforzar la comunicaci\u00f3n sobre la prevenci\u00f3n del virus recordando el lavado frecuente de manos con agua y jab\u00f3n, cubrirse la nariz y la boca con el pliegue del codo al toser o estornudar, utilizar los cestos de basura para desechar los pa\u00f1uelos; ventilar los ambientes y limpiar frecuentemente las superficies y los objetos que se usan con frecuencia en este caso, en el \u00e1mbito laboral<\/em>\u201d, indic\u00f3 la legisladora.<\/p>\n<p>Casado, dijo asimismo que ya s<strong>e est\u00e1 trabajando en la redacci\u00f3n de este protocolo junto con Senado<\/strong>, para que sea de r\u00e1pida aplicaci\u00f3n en todo el \u00e1mbito legislativo, tarea que ha encabezado junto a su equipo de trabajo.<\/p>\n<h5><em>F.B. (F.M. Vi\u00f1as).<\/em><\/h5>\n","protected":false},"excerpt":{"rendered":"<p>Mediante una iniciativa de la diputada sanrafaelina Hebe Casado (PRO) aprobada por la C\u00e1mara Baja, se propuso elaborar un protocolo de &#8230;<\/p>\n","protected":false},"author":8,"featured_media":68330,"comment_status":"open","ping_status":"open","sticky":false,"template":"","format":"standard","meta":{"footnotes":""},"categories":[5,43],"tags":[],"class_list":["post-68329","post","type-post","status-publish","format-standard","has-post-thumbnail","hentry","category-actualidad","category-legislatura"],"_links":{"self":[{"href":"https:\/\/vinasfm.com\/noticias\/wp-json\/wp\/v2\/posts\/68329","targetHints":{"allow":["GET"]}}],"collection":[{"href":"https:\/\/vinasfm.com\/noticias\/wp-json\/wp\/v2\/posts"}],"about":[{"href":"https:\/\/vinasfm.com\/noticias\/wp-json\/wp\/v2\/types\/post"}],"author":[{"embeddable":true,"href":"https:\/\/vinasfm.com\/noticias\/wp-json\/wp\/v2\/users\/8"}],"replies":[{"embeddable":true,"href":"https:\/\/vinasfm.com\/noticias\/wp-json\/wp\/v2\/comments?post=68329"}],"version-history":[{"count":1,"href":"https:\/\/vinasfm.com\/noticias\/wp-json\/wp\/v2\/posts\/68329\/revisions"}],"predecessor-version":[{"id":68333,"href":"https:\/\/vinasfm.com\/noticias\/wp-json\/wp\/v2\/posts\/68329\/revisions\/68333"}],"wp:featuredmedia":[{"embeddable":true,"href":"https:\/\/vinasfm.com\/noticias\/wp-json\/wp\/v2\/media\/68330"}],"wp:attachment":[{"href":"https:\/\/vinasfm.com\/noticias\/wp-json\/wp\/v2\/media?parent=68329"}],"wp:term":[{"taxonomy":"category","embeddable":true,"href":"https:\/\/vinasfm.com\/noticias\/wp-json\/wp\/v2\/categories?post=68329"},{"taxonomy":"post_tag","embeddable":true,"href":"https:\/\/vinasfm.com\/noticias\/wp-json\/wp\/v2\/tags?post=68329"}],"curies":[{"name":"wp","href":"https:\/\/api.w.org\/{rel}","templated":true}]}}