{"id":68086,"date":"2020-04-20T10:11:14","date_gmt":"2020-04-20T13:11:14","guid":{"rendered":"http:\/\/vinasfm.com\/noticias\/?p=68086"},"modified":"2020-04-21T12:34:02","modified_gmt":"2020-04-21T15:34:02","slug":"bowen-bomberos-voluntarios-sofocaron-tres-incendios-forestales-en-medio-dia","status":"publish","type":"post","link":"https:\/\/vinasfm.com\/noticias\/bowen-bomberos-voluntarios-sofocaron-tres-incendios-forestales-en-medio-dia\/","title":{"rendered":"BOWEN: BOMBEROS VOLUNTARIOS SOFOCARON TRES INCENDIOS FORESTALES EN MEDIO D\u00cdA"},"content":{"rendered":"<h5><strong>Bomberos Voluntarios de Bowen han trabajado arduamente en la mitigaci\u00f3n de distintos incendios que se produjeron en zonas forestales del distrito de Bowen. Sofocaron dos incendios el s\u00e1bado y uno en la madrugada del domingo, propagados por las corrientes de aire que predominaron en la regi\u00f3n en los \u00faltimos d\u00edas. \u00ab<em>Todos producto de la mano del hombre<\/em>\u00ab, se\u00f1al\u00f3 Adolfo Balverde-<\/strong><\/h5>\n<p>El Director de Defensa Civil\u00a0explic\u00f3 a <strong><em>F.M. Vi\u00f1a<\/em>s<\/strong>: \u00ab<em>Ha sido un fin de semana movido en este sentido. En calle 14 y A, se produjo un incendio dentro de un campo por lo que gente del Plan Provincial de Manejo del Fuego y gente de Bomberos de Bowen sofocaron el fuego que afect\u00f3 una hect\u00e1rea y media y otros m\u00e1s en lo que se trabaj\u00f3 mucho para mitigarlos<\/em>\u00ab.<\/p>\n<p>Desde la entidad indicaron que el<strong> s\u00e1bado 18 de abri<\/strong>l, siendo las <strong>16:05hs<\/strong>, ingres\u00f3 un llamado al n\u00famero de guardia (2625-518819) alertando sobre un incendio en <strong>calle O y 20<\/strong> por lo que se hizo presente una dotaci\u00f3n de bomberos con m\u00f3vil 2 (ataque directo) y con 4 efectivos. Se trabajo para controlar la situaci\u00f3n con una l\u00ednea de ataque y mochilas.<\/p>\n<p>Luego de poder extinguir el foco \u00edgneo; el personal retorna al cuartel a la hora 17:30 en d\u00f3nde se reacondicionan los materiales utilizados y se realizan las desinfecciones correspondientes.<\/p>\n<p><a href=\"http:\/\/vinasfm.com\/noticias\/wp-content\/uploads\/2020\/04\/94419093_1052282665151442_7806867745047314432_n-e1587388193938.jpg\"><img loading=\"lazy\" decoding=\"async\" class=\" wp-image-68091 alignleft\" src=\"http:\/\/vinasfm.com\/noticias\/wp-content\/uploads\/2020\/04\/94419093_1052282665151442_7806867745047314432_n-e1587388193938-300x271.jpg\" alt=\"\" width=\"236\" height=\"213\" srcset=\"https:\/\/vinasfm.com\/noticias\/wp-content\/uploads\/2020\/04\/94419093_1052282665151442_7806867745047314432_n-e1587388193938-300x271.jpg 300w, https:\/\/vinasfm.com\/noticias\/wp-content\/uploads\/2020\/04\/94419093_1052282665151442_7806867745047314432_n-e1587388193938.jpg 540w\" sizes=\"auto, (max-width: 236px) 100vw, 236px\" \/><\/a><\/p>\n<p>El mismo d\u00eda pero a las <strong>21:10hs<\/strong>, ingres\u00f3 un llamado al n\u00famero de guardia alertando a sobre otro incendio forestal en <strong>calle 18 y C<\/strong> de Bowen. Hasta el lugar se hicieron presentes dos dotaciones de bomberos con el m\u00f3vil 2 (ataque directo) y M4 (Unidad Liviana) con 7 efectivos. Se trabaj\u00f3 para controlar la situaci\u00f3n con dos l\u00edneas de ataque y mochilas.<\/p>\n<p>Luego de poder extinguir el foco \u00edgneo; el personal retorna al cuartel a la hora 23:15 en d\u00f3nde se reacondicionaron los materiales utilizados y se realizan las desinfecciones correspondientes.<\/p>\n<p>Finalmente este domingo a las <strong>05:30hs<\/strong>, ingres\u00f3 un llamado \u00a0al n\u00famero de guardia a nuestros bomberos sobre un incendio (en un basural) en calle<strong> 18 y C<\/strong>.<\/p>\n<p>Hasta el lugar se hizo presente una dotaci\u00f3n de bomberos con m\u00f3vil 2 (ataque directo) con 3 efectivos. Se trabajo para controlar la situaci\u00f3n con una l\u00ednea de ataque y mochilas<\/p>\n<p>Luego de poder extinguir el foco \u00edgneo; el personal retorn\u00f3 al cuartel a la hora 08:45 en d\u00f3nde se reacondicionaron los materiales utilizados y se realizaron las desinfecciones correspondientes.<\/p>\n<p><a href=\"http:\/\/vinasfm.com\/noticias\/wp-content\/uploads\/2020\/04\/b6f5a5d9-571b-441f-a4d9-d0ff0d9f1fc5-1.jpg\"><img loading=\"lazy\" decoding=\"async\" class=\" wp-image-68090 aligncenter\" src=\"http:\/\/vinasfm.com\/noticias\/wp-content\/uploads\/2020\/04\/b6f5a5d9-571b-441f-a4d9-d0ff0d9f1fc5-1.jpg\" alt=\"\" width=\"440\" height=\"247\" \/><\/a><\/p>\n<h5><em>\u2022F.B. (F.M. Vi\u00f1as).<\/em><\/h5>\n","protected":false},"excerpt":{"rendered":"<p>Bomberos Voluntarios de Bowen han trabajado arduamente en la mitigaci\u00f3n de distintos incendios que se produjeron en zonas forestales del distrito &#8230;<\/p>\n","protected":false},"author":8,"featured_media":68089,"comment_status":"open","ping_status":"open","sticky":false,"template":"","format":"standard","meta":{"footnotes":""},"categories":[5,76],"tags":[],"class_list":["post-68086","post","type-post","status-publish","format-standard","has-post-thumbnail","hentry","category-actualidad","category-bomberos"],"_links":{"self":[{"href":"https:\/\/vinasfm.com\/noticias\/wp-json\/wp\/v2\/posts\/68086","targetHints":{"allow":["GET"]}}],"collection":[{"href":"https:\/\/vinasfm.com\/noticias\/wp-json\/wp\/v2\/posts"}],"about":[{"href":"https:\/\/vinasfm.com\/noticias\/wp-json\/wp\/v2\/types\/post"}],"author":[{"embeddable":true,"href":"https:\/\/vinasfm.com\/noticias\/wp-json\/wp\/v2\/users\/8"}],"replies":[{"embeddable":true,"href":"https:\/\/vinasfm.com\/noticias\/wp-json\/wp\/v2\/comments?post=68086"}],"version-history":[{"count":2,"href":"https:\/\/vinasfm.com\/noticias\/wp-json\/wp\/v2\/posts\/68086\/revisions"}],"predecessor-version":[{"id":68096,"href":"https:\/\/vinasfm.com\/noticias\/wp-json\/wp\/v2\/posts\/68086\/revisions\/68096"}],"wp:featuredmedia":[{"embeddable":true,"href":"https:\/\/vinasfm.com\/noticias\/wp-json\/wp\/v2\/media\/68089"}],"wp:attachment":[{"href":"https:\/\/vinasfm.com\/noticias\/wp-json\/wp\/v2\/media?parent=68086"}],"wp:term":[{"taxonomy":"category","embeddable":true,"href":"https:\/\/vinasfm.com\/noticias\/wp-json\/wp\/v2\/categories?post=68086"},{"taxonomy":"post_tag","embeddable":true,"href":"https:\/\/vinasfm.com\/noticias\/wp-json\/wp\/v2\/tags?post=68086"}],"curies":[{"name":"wp","href":"https:\/\/api.w.org\/{rel}","templated":true}]}}