{"id":68080,"date":"2020-04-20T10:06:32","date_gmt":"2020-04-20T13:06:32","guid":{"rendered":"http:\/\/vinasfm.com\/noticias\/?p=68080"},"modified":"2020-04-21T09:46:25","modified_gmt":"2020-04-21T12:46:25","slug":"anabel-fernandez-sagasti-llega-este-lunes-a-general-alvear","status":"publish","type":"post","link":"https:\/\/vinasfm.com\/noticias\/anabel-fernandez-sagasti-llega-este-lunes-a-general-alvear\/","title":{"rendered":"ANABEL FERNANDEZ SAGASTI LLEGA ESTE LUNES A GENERAL ALVEAR"},"content":{"rendered":"<h4><strong>La Senadora Nacional Anabel Fern\u00e1ndez Sagasti (FPV) llegar\u00e1 a General Alvear en la ma\u00f1ana de este lunes para reunirse con el Intendente Municipal y concejales. El arribo est\u00e1 previsto para las 10:30 horas.<\/strong><\/h4>\n<p>Seg\u00fan detall\u00f3 a F.M. Vi\u00f1as Ariel Andr\u00e9s edil del PJ, responde a un pedido del jefe comunal de gestionar la llegada de los legisladores nacionales a Alvear.<\/p>\n<p>Se espera que se planteen las necesidades del departamento frente a la pandemia al igual que el pedido de fondos para hacer frente a la situaci\u00f3n econ\u00f3mica y social que se atraviesa. En la agenda est\u00e1 incluida una<strong> recorrida por supermercados y comercios para supervisar precios m\u00e1ximos.<\/strong><\/p>\n<p><strong><em>\u201cSiempre es bueno que los funcionarios bajen a los departamentos y conozcan la realidad\u201d<\/em><\/strong>, se\u00f1al\u00f3 Andr\u00e9s.<\/p>\n<h5><em><strong>\u00a0A.C.<\/strong><\/em><\/h5>\n","protected":false},"excerpt":{"rendered":"<p>La Senadora Nacional Anabel Fern\u00e1ndez Sagasti (FPV) llegar\u00e1 a General Alvear en la ma\u00f1ana de este lunes para reunirse con el &#8230;<\/p>\n","protected":false},"author":7,"featured_media":58707,"comment_status":"open","ping_status":"open","sticky":false,"template":"","format":"standard","meta":{"footnotes":""},"categories":[1],"tags":[],"class_list":["post-68080","post","type-post","status-publish","format-standard","has-post-thumbnail","hentry","category-fmvinas"],"_links":{"self":[{"href":"https:\/\/vinasfm.com\/noticias\/wp-json\/wp\/v2\/posts\/68080","targetHints":{"allow":["GET"]}}],"collection":[{"href":"https:\/\/vinasfm.com\/noticias\/wp-json\/wp\/v2\/posts"}],"about":[{"href":"https:\/\/vinasfm.com\/noticias\/wp-json\/wp\/v2\/types\/post"}],"author":[{"embeddable":true,"href":"https:\/\/vinasfm.com\/noticias\/wp-json\/wp\/v2\/users\/7"}],"replies":[{"embeddable":true,"href":"https:\/\/vinasfm.com\/noticias\/wp-json\/wp\/v2\/comments?post=68080"}],"version-history":[{"count":1,"href":"https:\/\/vinasfm.com\/noticias\/wp-json\/wp\/v2\/posts\/68080\/revisions"}],"predecessor-version":[{"id":68088,"href":"https:\/\/vinasfm.com\/noticias\/wp-json\/wp\/v2\/posts\/68080\/revisions\/68088"}],"wp:featuredmedia":[{"embeddable":true,"href":"https:\/\/vinasfm.com\/noticias\/wp-json\/wp\/v2\/media\/58707"}],"wp:attachment":[{"href":"https:\/\/vinasfm.com\/noticias\/wp-json\/wp\/v2\/media?parent=68080"}],"wp:term":[{"taxonomy":"category","embeddable":true,"href":"https:\/\/vinasfm.com\/noticias\/wp-json\/wp\/v2\/categories?post=68080"},{"taxonomy":"post_tag","embeddable":true,"href":"https:\/\/vinasfm.com\/noticias\/wp-json\/wp\/v2\/tags?post=68080"}],"curies":[{"name":"wp","href":"https:\/\/api.w.org\/{rel}","templated":true}]}}