{"id":67941,"date":"2020-04-17T08:57:30","date_gmt":"2020-04-17T11:57:30","guid":{"rendered":"http:\/\/vinasfm.com\/noticias\/?p=67941"},"modified":"2020-04-23T01:34:47","modified_gmt":"2020-04-23T04:34:47","slug":"patricia-salice-explico-como-funciona-el-concejo-en-medio-de-la-cuarentena","status":"publish","type":"post","link":"https:\/\/vinasfm.com\/noticias\/patricia-salice-explico-como-funciona-el-concejo-en-medio-de-la-cuarentena\/","title":{"rendered":"PATRICIA SALICE EXPLIC\u00d3 C\u00d3MO FUNCIONA EL CONCEJO EN MEDIO DE LA CUARENTENA"},"content":{"rendered":"<h4><strong>La pandemia ha condicionado el funcionamiento normal de las instituciones y organismos p\u00fablicos desde que se decret\u00f3 la cuarentena. En el caso del Honorable Concejo Deliberante de nuestro departamento, su presidente Patricia Salice explic\u00f3 a c\u00f3mo trabajan en comisiones y sesiones.<\/strong><\/h4>\n<p>\u201c<em>Estamos debatiendo las distintas iniciativas logrando los consensos y m\u00e1s all\u00e1 que se redacte el proyecto de ordenanza o resoluci\u00f3n aquellos que son urgentes se les da paso adelante mediante una nota a la persona, instituci\u00f3n u organismo donde se refiere lo planteado<\/em>\u201d,\u00a0 expres\u00f3 Salice.<\/p>\n<p>La casa deliberativa alvearense subyace a requisitos legales que debe sostener para funcionar como tal. Al respecto la edil confirm\u00f3: \u201c<em>Estas reuniones que mantenemos para consensuar las iniciativas algunas las hacemos conect\u00e1ndonos por Zoom, whatsapp o tel\u00e9fono pero verdaderamente se complica\u201d, <\/em>y en la misma l\u00ednea subray\u00f3: \u201c<em>Como tenemos un concejo amplio establecimos unos d\u00edas para realizar la labor parlamentaria respetando el distanciamiento.<\/em> <em>Nosotros elaboramos notas y cuando haya decretos u ordenanzas que sean urgentes con un equipo m\u00ednimo de secretaria y los 10 ediles, sin acceso de p\u00fablico, se sesionar\u00e1\u201d.<\/em><\/p>\n<div id=\"attachment_65902\" style=\"width: 300px\" class=\"wp-caption alignleft\"><img loading=\"lazy\" decoding=\"async\" aria-describedby=\"caption-attachment-65902\" class=\"size-medium wp-image-65902\" src=\"http:\/\/vinasfm.com\/noticias\/wp-content\/uploads\/2020\/03\/CONCEJO-SALICE-GARCIA-Y-LOPEZ-1140x641-1-300x169.jpg\" alt=\"\" width=\"300\" height=\"169\" srcset=\"https:\/\/vinasfm.com\/noticias\/wp-content\/uploads\/2020\/03\/CONCEJO-SALICE-GARCIA-Y-LOPEZ-1140x641-1-300x169.jpg 300w, https:\/\/vinasfm.com\/noticias\/wp-content\/uploads\/2020\/03\/CONCEJO-SALICE-GARCIA-Y-LOPEZ-1140x641-1-1024x576.jpg 1024w, https:\/\/vinasfm.com\/noticias\/wp-content\/uploads\/2020\/03\/CONCEJO-SALICE-GARCIA-Y-LOPEZ-1140x641-1-768x432.jpg 768w, https:\/\/vinasfm.com\/noticias\/wp-content\/uploads\/2020\/03\/CONCEJO-SALICE-GARCIA-Y-LOPEZ-1140x641-1-750x420.jpg 750w, https:\/\/vinasfm.com\/noticias\/wp-content\/uploads\/2020\/03\/CONCEJO-SALICE-GARCIA-Y-LOPEZ-1140x641-1.jpg 1140w\" sizes=\"auto, (max-width: 300px) 100vw, 300px\" \/><p id=\"caption-attachment-65902\" class=\"wp-caption-text\">Javier Garc\u00eda, Patricia Salice y Daniel L\u00f3pez.<\/p><\/div>\n<p>La \u00faltima vez que sesion\u00f3 el Concejo fue el 24 de marzo y desde entonces han \u201c<em>dado curso a distintas iniciativas que hemos acumulado mediante notas y seguramente la semana pr\u00f3xima sesionaremos para darle forma a estos proyectos porque de esta manera virtual no es lo mismo y no se garantiza que cada concejal haga uso de la palabra correctamente\u201d.<\/em><\/p>\n<p>Asimismo se refiri\u00f3 a la adhesi\u00f3n del Municipio y el <a href=\"http:\/\/hcdalvear.org\/\" target=\"_blank\" rel=\"noopener noreferrer\">HCD<\/a> respecto al <strong>Decreto 434<\/strong> del Gobernador sobre el tope a los sueldos: <em>\u201cSe cre\u00f3 un fondo para comprar insumos para el hospital local. Lo que se ha conocido es que se ha realizado la compra de una cama el\u00e9ctrica para Terapia Intensiva y 11 camas el\u00e9ctricas ortop\u00e9dicas para internaci\u00f3n. Esta es una inversi\u00f3n aproximada de $1.500.000\u201d.<\/em><\/p>\n<p><em>\u201cTuvimos muchas reuniones con el hospital donde nos manifestaron la necesidad de respiradores y camas para ampliar la Terapia Intensiva. Distintas instituciones han realizado campa\u00f1as y adquirieron y\/o reparado los respirados y optamos con colaborar en el mismo sentido. Para la compra de respiradores nos encontramos con la centralizaci\u00f3n de los recursos sanitarios por lo que comprarlos dentro del pa\u00eds es complicado y salir al mundo es dilatar el tiempo\u201d, <\/em>resalt\u00f3 sobre la manera en la que trabajaron para conocer las necesidades del hospital \u201cEnfermeros Argentinos\u201d.<\/p>\n<p>En este contexto desde el Concejo local se dio valor a dos iniciativas mediante nota que surgieron. Salice mencion\u00f3 que <em>\u00a0la primera \u201cera solicitar al Presidente de la Naci\u00f3n que decretara al Coronavirus como enfermedad y la incorporara a la lista de enfermedades laborales y es bueno destacar que en este contexto se tuvo la previsi\u00f3n de pensar en esa resoluci\u00f3n\u201d <\/em>y respecto al servicio de farmacia para los vecinos de Carmensa la presidente del Concejo admiti\u00f3:<em> \u201chablamos con el Ejecutivo y la semana pr\u00f3xima se pondr\u00e1 un servicio de cadeter\u00eda en ese distrito\u201d.<\/em><\/p>\n<h5><em>\u2022F.B.<\/em><\/h5>\n","protected":false},"excerpt":{"rendered":"<p>La pandemia ha condicionado el funcionamiento normal de las instituciones y organismos p\u00fablicos desde que se decret\u00f3 la cuarentena. En el &#8230;<\/p>\n","protected":false},"author":8,"featured_media":45436,"comment_status":"open","ping_status":"open","sticky":false,"template":"","format":"standard","meta":{"footnotes":""},"categories":[5,46],"tags":[],"class_list":["post-67941","post","type-post","status-publish","format-standard","has-post-thumbnail","hentry","category-actualidad","category-puntos-de-vista"],"_links":{"self":[{"href":"https:\/\/vinasfm.com\/noticias\/wp-json\/wp\/v2\/posts\/67941","targetHints":{"allow":["GET"]}}],"collection":[{"href":"https:\/\/vinasfm.com\/noticias\/wp-json\/wp\/v2\/posts"}],"about":[{"href":"https:\/\/vinasfm.com\/noticias\/wp-json\/wp\/v2\/types\/post"}],"author":[{"embeddable":true,"href":"https:\/\/vinasfm.com\/noticias\/wp-json\/wp\/v2\/users\/8"}],"replies":[{"embeddable":true,"href":"https:\/\/vinasfm.com\/noticias\/wp-json\/wp\/v2\/comments?post=67941"}],"version-history":[{"count":1,"href":"https:\/\/vinasfm.com\/noticias\/wp-json\/wp\/v2\/posts\/67941\/revisions"}],"predecessor-version":[{"id":68257,"href":"https:\/\/vinasfm.com\/noticias\/wp-json\/wp\/v2\/posts\/67941\/revisions\/68257"}],"wp:featuredmedia":[{"embeddable":true,"href":"https:\/\/vinasfm.com\/noticias\/wp-json\/wp\/v2\/media\/45436"}],"wp:attachment":[{"href":"https:\/\/vinasfm.com\/noticias\/wp-json\/wp\/v2\/media?parent=67941"}],"wp:term":[{"taxonomy":"category","embeddable":true,"href":"https:\/\/vinasfm.com\/noticias\/wp-json\/wp\/v2\/categories?post=67941"},{"taxonomy":"post_tag","embeddable":true,"href":"https:\/\/vinasfm.com\/noticias\/wp-json\/wp\/v2\/tags?post=67941"}],"curies":[{"name":"wp","href":"https:\/\/api.w.org\/{rel}","templated":true}]}}