{"id":67772,"date":"2020-04-14T17:10:12","date_gmt":"2020-04-14T20:10:12","guid":{"rendered":"http:\/\/vinasfm.com\/noticias\/?p=67772"},"modified":"2020-04-15T12:13:50","modified_gmt":"2020-04-15T15:13:50","slug":"fallecio-el-primer-paciente-positivo-de-covid-19-en-malargue","status":"publish","type":"post","link":"https:\/\/vinasfm.com\/noticias\/fallecio-el-primer-paciente-positivo-de-covid-19-en-malargue\/","title":{"rendered":"FALLECI\u00d3 EL PRIMER PACIENTE POSITIVO DE COVID-19 EN MALARG\u00dcE"},"content":{"rendered":"<p><strong>Estaba internado en el nosocomio local, en la Unidad de Terapia Intensiva. La direcci\u00f3n de epidemiolog\u00eda inform\u00f3 el fallecimiento de un paciente positivo COVID-19.<\/strong><\/p>\n<p>La persona es un hombre de 85 a\u00f1os que fue internado en el hospital Regional de Malarg\u00fce el pasado mi\u00e9rcoles 8.<\/p>\n<p>El paciente presentaba a la hora de su internaci\u00f3n insuficiencia respiratoria aguda con enfermedad de base EPOC, seg\u00fan indica el informe oficial.<\/p>\n<p>Mendoza cuenta con 59 casos confirmados. Son 35 casos importados -gente que ha llegado de otros pa\u00edses-, 24 de ellos por contacto estrecho con alguien que vino de otro pa\u00eds o dio positivo de COVID-19.<\/p>\n<p>De esta manera, la provincia tiene 5 personas de alta y 5 fallecimientos por COVID-19.<\/p>\n<p>Es importante destacar que mantener los casos limitados a aquellos que vienen del extranjero ser\u00e1 posible en la medida que respetemos estrictamente el aislamiento social. (Fuente: Malarg\u00fce a Diario)<\/p>\n<h5><em>F.B.<\/em><\/h5>\n","protected":false},"excerpt":{"rendered":"<p>Estaba internado en el nosocomio local, en la Unidad de Terapia Intensiva. La direcci\u00f3n de epidemiolog\u00eda inform\u00f3 el fallecimiento de un &#8230;<\/p>\n","protected":false},"author":8,"featured_media":67547,"comment_status":"open","ping_status":"open","sticky":false,"template":"","format":"standard","meta":{"footnotes":""},"categories":[5,62],"tags":[],"class_list":["post-67772","post","type-post","status-publish","format-standard","has-post-thumbnail","hentry","category-actualidad","category-coronavirus"],"_links":{"self":[{"href":"https:\/\/vinasfm.com\/noticias\/wp-json\/wp\/v2\/posts\/67772","targetHints":{"allow":["GET"]}}],"collection":[{"href":"https:\/\/vinasfm.com\/noticias\/wp-json\/wp\/v2\/posts"}],"about":[{"href":"https:\/\/vinasfm.com\/noticias\/wp-json\/wp\/v2\/types\/post"}],"author":[{"embeddable":true,"href":"https:\/\/vinasfm.com\/noticias\/wp-json\/wp\/v2\/users\/8"}],"replies":[{"embeddable":true,"href":"https:\/\/vinasfm.com\/noticias\/wp-json\/wp\/v2\/comments?post=67772"}],"version-history":[{"count":1,"href":"https:\/\/vinasfm.com\/noticias\/wp-json\/wp\/v2\/posts\/67772\/revisions"}],"predecessor-version":[{"id":67774,"href":"https:\/\/vinasfm.com\/noticias\/wp-json\/wp\/v2\/posts\/67772\/revisions\/67774"}],"wp:featuredmedia":[{"embeddable":true,"href":"https:\/\/vinasfm.com\/noticias\/wp-json\/wp\/v2\/media\/67547"}],"wp:attachment":[{"href":"https:\/\/vinasfm.com\/noticias\/wp-json\/wp\/v2\/media?parent=67772"}],"wp:term":[{"taxonomy":"category","embeddable":true,"href":"https:\/\/vinasfm.com\/noticias\/wp-json\/wp\/v2\/categories?post=67772"},{"taxonomy":"post_tag","embeddable":true,"href":"https:\/\/vinasfm.com\/noticias\/wp-json\/wp\/v2\/tags?post=67772"}],"curies":[{"name":"wp","href":"https:\/\/api.w.org\/{rel}","templated":true}]}}