{"id":67702,"date":"2020-04-14T07:27:41","date_gmt":"2020-04-14T10:27:41","guid":{"rendered":"http:\/\/vinasfm.com\/noticias\/?p=67702"},"modified":"2020-04-15T09:49:52","modified_gmt":"2020-04-15T12:49:52","slug":"se-puso-en-marcha-el-protocolo-sanitario-en-comercios-alvearenses","status":"publish","type":"post","link":"https:\/\/vinasfm.com\/noticias\/se-puso-en-marcha-el-protocolo-sanitario-en-comercios-alvearenses\/","title":{"rendered":"SE PUSO EN MARCHA EL PROTOCOLO SANITARIO EN COMERCIOS ALVEARENSES"},"content":{"rendered":"<h4><strong>La gente respondi\u00f3 de manera positiva al nuevo protocolo. En los comercios se pudieron observar las l\u00edneas marcando las distancias m\u00ednimas y los Pasos Sanitarios Obligatorios. En la jornada de ayer se puso en marcha el nuevo Protocolo Sanitario para Comercios.<\/strong><\/h4>\n<p>El Secretario de Desarrollo Econ\u00f3mico y Promoci\u00f3n Departamental Carlos Ponce, reconoci\u00f3 que la gente tuvo una respuesta muy positiva, con mucha gente utilizando la protecci\u00f3n facial y comercios que realizaron las demarcaciones, los Pasos Sanitarios Obligatorios y alcohol en gel disponible.<\/p>\n<p>\u201cVemos que la gente utiliza la protecci\u00f3n facial, con pa\u00f1uelos, barbijos caseros y otros\u201d explic\u00f3 Ponce, quien hizo saber que esto est\u00e1 dirigido principalmente a las actividades autorizadas por el decreto presidencial.<\/p>\n<p>La Subdirectora de Bromatolog\u00eda de la Municipalidad expres\u00f3: \u201cEstamos verificando que todos los comercios cuenten con los elementos de limpieza necesarios para cumplir el decreto 152 de la Municipalidad\u201d.<\/p>\n<p>Cabe destacar que en caso de detectar una irregularidad, se advierte al comercio para que comience a respetar el nuevo Protocolo, si llegase a existir una nueva falta, se proceder\u00e1 a labrar multas. Los comerciantes respondieron muy bien al nuevo Protocolo, es el caso de N\u00e9lida Dom\u00ednguez: \u201cAl principio no sab\u00edamos c\u00f3mo empezar a atender, pero la gente se est\u00e1 portando muy bien, respetando todo. Vinieron de la Municipalidad a informarnos bien y entregarnos las nuevas disposiciones\u201d.<\/p>\n<p>El nuevo Protocolo Sanitario para Comercios solicita: En este marco es que anunci\u00f3 el Decreto n\u00ba 152 de la Secretar\u00eda de Gobierno 2020, en la que se disponen una serie de medidas de protecci\u00f3n que ser\u00e1n obligatorias a partir del d\u00eda lunes:<\/p>\n<p>1- Paso Sanitario Obligatorio en Comercios (hipoclorito de sodio al 0,3% para mojar suela de calzado, desinfecci\u00f3n de manos con alcohol en gel o alcohol al 70%).<\/p>\n<p>2- Uso obligatorio de Protecci\u00f3n Facial para ingresar a locales comerciales, edificios p\u00fablicos, bancos, etc. Ll\u00e1mese Protecci\u00f3n Facial a cualquier elemento que cubra nariz y boca como pa\u00f1uelo, bufanda, barbijo, etc.<\/p>\n<p>3- Poseer demarcaciones que aseguren la distancia m\u00ednima de 1,5 m. entre personas en el exterior del local.<\/p>\n<p>4- En el interior del local no se puede exceder el m\u00e1ximo de 1 persona cada 6m2.<\/p>\n<p>5- Desinfecci\u00f3n total de los pisos de espacios compartidos, puertas y mostradores, cada 2 hs.<\/p>\n<h5><em>F.B.<\/em><\/h5>\n","protected":false},"excerpt":{"rendered":"<p>La gente respondi\u00f3 de manera positiva al nuevo protocolo. En los comercios se pudieron observar las l\u00edneas marcando las distancias m\u00ednimas &#8230;<\/p>\n","protected":false},"author":8,"featured_media":67703,"comment_status":"open","ping_status":"open","sticky":false,"template":"","format":"standard","meta":{"footnotes":""},"categories":[5,69,62],"tags":[],"class_list":["post-67702","post","type-post","status-publish","format-standard","has-post-thumbnail","hentry","category-actualidad","category-comercio","category-coronavirus"],"_links":{"self":[{"href":"https:\/\/vinasfm.com\/noticias\/wp-json\/wp\/v2\/posts\/67702","targetHints":{"allow":["GET"]}}],"collection":[{"href":"https:\/\/vinasfm.com\/noticias\/wp-json\/wp\/v2\/posts"}],"about":[{"href":"https:\/\/vinasfm.com\/noticias\/wp-json\/wp\/v2\/types\/post"}],"author":[{"embeddable":true,"href":"https:\/\/vinasfm.com\/noticias\/wp-json\/wp\/v2\/users\/8"}],"replies":[{"embeddable":true,"href":"https:\/\/vinasfm.com\/noticias\/wp-json\/wp\/v2\/comments?post=67702"}],"version-history":[{"count":1,"href":"https:\/\/vinasfm.com\/noticias\/wp-json\/wp\/v2\/posts\/67702\/revisions"}],"predecessor-version":[{"id":67704,"href":"https:\/\/vinasfm.com\/noticias\/wp-json\/wp\/v2\/posts\/67702\/revisions\/67704"}],"wp:featuredmedia":[{"embeddable":true,"href":"https:\/\/vinasfm.com\/noticias\/wp-json\/wp\/v2\/media\/67703"}],"wp:attachment":[{"href":"https:\/\/vinasfm.com\/noticias\/wp-json\/wp\/v2\/media?parent=67702"}],"wp:term":[{"taxonomy":"category","embeddable":true,"href":"https:\/\/vinasfm.com\/noticias\/wp-json\/wp\/v2\/categories?post=67702"},{"taxonomy":"post_tag","embeddable":true,"href":"https:\/\/vinasfm.com\/noticias\/wp-json\/wp\/v2\/tags?post=67702"}],"curies":[{"name":"wp","href":"https:\/\/api.w.org\/{rel}","templated":true}]}}