{"id":67631,"date":"2020-04-12T10:48:17","date_gmt":"2020-04-12T13:48:17","guid":{"rendered":"http:\/\/vinasfm.com\/noticias\/?p=67631"},"modified":"2020-04-13T08:28:25","modified_gmt":"2020-04-13T11:28:25","slug":"alvear-el-nuevo-hisopado-en-el-hombre-de-58-anos-dio-negativo-de-covid-19","status":"publish","type":"post","link":"https:\/\/vinasfm.com\/noticias\/alvear-el-nuevo-hisopado-en-el-hombre-de-58-anos-dio-negativo-de-covid-19\/","title":{"rendered":"ALVEAR: EL NUEVO HISOPADO EN EL HOMBRE DE 58 A\u00d1OS DIO NEGATIVO DE COVID-19"},"content":{"rendered":"<h4><strong>En horas de la noche de este s\u00e1bado, desde el Ministerio de Salud de Mendoza confirmaron que el nuevo hisopado realizado al hombre de 58 a\u00f1os, oriundo de Bowen, dio negativo.<\/strong><\/h4>\n<p>La segunda prueba la solicit\u00f3 el Laboratorio Central luego que el jueves el resultado diera positivo en esta persona, que ingres\u00f3 al nosocomio local asintom\u00e1tico con hemorragia intestinal por lo que se lo intern\u00f3 en sala com\u00fan en calidad de aislado. El Ministerio de Salud de Mendoza confirm\u00f3 que el re hisopado dio negativo.<\/p>\n<p>Asimismo, sobre un vecino de Jaime Prats (74), que fue internado en sala com\u00fan d\u00edas atr\u00e1s en el hospital local como caso sospechoso, en el \u00faltimo parte oficial informaron que dio positivo de Covid-19. El Intendente de San Rafael, Emir F\u00e9lix, dispuso un importante operativo cerrojo en torno al distrito.<\/p>\n<p>Como dispone el protocolo, la familia y allegados del septuagenario han sido notificados para someterse a estudios y aislamiento.<\/p>\n<p>El intendente F\u00e9lix manifest\u00f3: \u00abHe solicitado a las autoridades judiciales pertinentes, establecer un aislamiento preventivo para la familia del paciente y sus v\u00ednculos cercanos, al tiempo que he ordenado llevar adelante el protocolo para establecer el origen del contagio. Adem\u00e1s, he dispuesto que se establezca un estricto control en el ingreso y egreso de personas al distrito mencionado\u00bb.<\/p>\n<p>Vale aclarar que el paciente fue asistido originalmente en el hospital Eva Per\u00f3n, de Jaime Prats, y que en su momento fue derivado por las autoridades del mencionado efector al hospital de General Alvear, por cercan\u00eda geogr\u00e1fica.<\/p>\n<h5><em>F.B.<\/em><\/h5>\n","protected":false},"excerpt":{"rendered":"<p>En horas de la noche de este s\u00e1bado, desde el Ministerio de Salud de Mendoza confirmaron que el nuevo hisopado realizado &#8230;<\/p>\n","protected":false},"author":8,"featured_media":66368,"comment_status":"open","ping_status":"open","sticky":false,"template":"","format":"standard","meta":{"footnotes":""},"categories":[1],"tags":[],"class_list":["post-67631","post","type-post","status-publish","format-standard","has-post-thumbnail","hentry","category-fmvinas"],"_links":{"self":[{"href":"https:\/\/vinasfm.com\/noticias\/wp-json\/wp\/v2\/posts\/67631","targetHints":{"allow":["GET"]}}],"collection":[{"href":"https:\/\/vinasfm.com\/noticias\/wp-json\/wp\/v2\/posts"}],"about":[{"href":"https:\/\/vinasfm.com\/noticias\/wp-json\/wp\/v2\/types\/post"}],"author":[{"embeddable":true,"href":"https:\/\/vinasfm.com\/noticias\/wp-json\/wp\/v2\/users\/8"}],"replies":[{"embeddable":true,"href":"https:\/\/vinasfm.com\/noticias\/wp-json\/wp\/v2\/comments?post=67631"}],"version-history":[{"count":1,"href":"https:\/\/vinasfm.com\/noticias\/wp-json\/wp\/v2\/posts\/67631\/revisions"}],"predecessor-version":[{"id":67635,"href":"https:\/\/vinasfm.com\/noticias\/wp-json\/wp\/v2\/posts\/67631\/revisions\/67635"}],"wp:featuredmedia":[{"embeddable":true,"href":"https:\/\/vinasfm.com\/noticias\/wp-json\/wp\/v2\/media\/66368"}],"wp:attachment":[{"href":"https:\/\/vinasfm.com\/noticias\/wp-json\/wp\/v2\/media?parent=67631"}],"wp:term":[{"taxonomy":"category","embeddable":true,"href":"https:\/\/vinasfm.com\/noticias\/wp-json\/wp\/v2\/categories?post=67631"},{"taxonomy":"post_tag","embeddable":true,"href":"https:\/\/vinasfm.com\/noticias\/wp-json\/wp\/v2\/tags?post=67631"}],"curies":[{"name":"wp","href":"https:\/\/api.w.org\/{rel}","templated":true}]}}