{"id":67565,"date":"2020-04-10T10:20:39","date_gmt":"2020-04-10T13:20:39","guid":{"rendered":"http:\/\/vinasfm.com\/noticias\/?p=67565"},"modified":"2020-04-10T13:16:08","modified_gmt":"2020-04-10T16:16:08","slug":"el-ministerio-de-salud-sostiene-que-hay-un-caso-de-coronavirus-en-alvear-desde-el-hospital-se-pidio-el-re-hisopado","status":"publish","type":"post","link":"https:\/\/vinasfm.com\/noticias\/el-ministerio-de-salud-sostiene-que-hay-un-caso-de-coronavirus-en-alvear-desde-el-hospital-se-pidio-el-re-hisopado\/","title":{"rendered":"EL MINISTERIO DE SALUD SOSTIENE QUE HAY UN CASO DE CORONAVIRUS EN ALVEAR, DESDE EL HOSPITAL SE PIDI\u00d3 EL RE HISOPADO"},"content":{"rendered":"<p><strong>En la noche de este jueves desde el hospital Enfermeros Argentinos se indicaba que un paciente de 58 a\u00f1os ingres\u00f3 al nosocomio sin sintomatolog\u00eda compatible con COVID-19, sino por otra patolog\u00eda. Se lo aisl\u00f3 y se hisopo por precauci\u00f3n. A \u00faltima hora, llegaron resultados y \u00e9ste dio positivo, pero ante una posible equivocaci\u00f3n se pidi\u00f3 re hisoparlo, para luego obtener confirmaci\u00f3n.<\/strong><\/p>\n<p><strong>El hombre hab\u00eda ingresado el mi\u00e9rcoles 8, ese mismo d\u00eda se hizo el test y se envi\u00f3 a Mendoza. La confirmaci\u00f3n llego en la jornada del jueves. El re hisopado se hizo a las 23:00 de ayer. El resultado podr\u00eda estar entre esta noche y ma\u00f1ana por la ma\u00f1ana. Este hombre habr\u00eda tenido contacto con una turista pero esta informaci\u00f3n no es del todo objetiva.<\/strong><\/p>\n<p>En contacto telef\u00f3nico con F.M. Vi\u00f1as, el M\u00e9dico Forense Nicol\u00e1s Bereciarte manifest\u00f3 \u201c<em>lo mejor es tomar ciertas recomendaciones y basarse en lo que dicen los informes oficiales\u201d.<\/em><\/p>\n<p>El coronavirus genera m\u00faltiples sintomatolog\u00edas, lo m\u00e1s com\u00fan es la tos seca y fiebre. E<strong>l paciente de 58 a\u00f1os que ingreso ayer ten\u00eda hemorragia digestiva alta. Ese paciente no ten\u00eda un indicador para pensar en una patolog\u00eda viral<\/strong>. \u201c<em>El hisopado se hizo m\u00e1s por control que por otra cosa\u201d,<\/em> explic\u00f3.<\/p>\n<p><strong><em>\u201cNo est\u00e1 descartado que el paciente tenga o no coronavirus, lo que se ha pedido es\u00a0 que se realice un re hisopado. Puede dar positivo o no<\/em>\u201d<\/strong>, sostuvo.<\/p>\n<p>\u201c<em>No se puede descartar un caso positivo porque s\u00ed, pero tampoco podemos alimentar la histeria colectiva. Tenemos que actuar con precauci\u00f3n\u201d<\/em>, agreg\u00f3.<\/p>\n<p>Sobre la llegada del Covid-19 a Alvear sostuvo que \u201c<em>va a llegar y si llega hay que hacer lo que estamos haciendo, aislarlo, buscar los nexos y no caer en la paranoia. Estamos preparados para eso<\/em>\u201d.<\/p>\n<p>Los otros casos sospechosos han dado negativo.<\/p>\n<h5><strong><em>A.C.<\/em><\/strong><\/h5>\n","protected":false},"excerpt":{"rendered":"<p>En la noche de este jueves desde el hospital Enfermeros Argentinos se indicaba que un paciente de 58 a\u00f1os ingres\u00f3 al &#8230;<\/p>\n","protected":false},"author":7,"featured_media":66369,"comment_status":"open","ping_status":"open","sticky":false,"template":"","format":"standard","meta":{"footnotes":""},"categories":[5,62],"tags":[],"class_list":["post-67565","post","type-post","status-publish","format-standard","has-post-thumbnail","hentry","category-actualidad","category-coronavirus"],"_links":{"self":[{"href":"https:\/\/vinasfm.com\/noticias\/wp-json\/wp\/v2\/posts\/67565","targetHints":{"allow":["GET"]}}],"collection":[{"href":"https:\/\/vinasfm.com\/noticias\/wp-json\/wp\/v2\/posts"}],"about":[{"href":"https:\/\/vinasfm.com\/noticias\/wp-json\/wp\/v2\/types\/post"}],"author":[{"embeddable":true,"href":"https:\/\/vinasfm.com\/noticias\/wp-json\/wp\/v2\/users\/7"}],"replies":[{"embeddable":true,"href":"https:\/\/vinasfm.com\/noticias\/wp-json\/wp\/v2\/comments?post=67565"}],"version-history":[{"count":2,"href":"https:\/\/vinasfm.com\/noticias\/wp-json\/wp\/v2\/posts\/67565\/revisions"}],"predecessor-version":[{"id":67586,"href":"https:\/\/vinasfm.com\/noticias\/wp-json\/wp\/v2\/posts\/67565\/revisions\/67586"}],"wp:featuredmedia":[{"embeddable":true,"href":"https:\/\/vinasfm.com\/noticias\/wp-json\/wp\/v2\/media\/66369"}],"wp:attachment":[{"href":"https:\/\/vinasfm.com\/noticias\/wp-json\/wp\/v2\/media?parent=67565"}],"wp:term":[{"taxonomy":"category","embeddable":true,"href":"https:\/\/vinasfm.com\/noticias\/wp-json\/wp\/v2\/categories?post=67565"},{"taxonomy":"post_tag","embeddable":true,"href":"https:\/\/vinasfm.com\/noticias\/wp-json\/wp\/v2\/tags?post=67565"}],"curies":[{"name":"wp","href":"https:\/\/api.w.org\/{rel}","templated":true}]}}