{"id":67562,"date":"2020-04-10T05:30:16","date_gmt":"2020-04-10T08:30:16","guid":{"rendered":"http:\/\/vinasfm.com\/noticias\/?p=67562"},"modified":"2020-04-10T11:21:21","modified_gmt":"2020-04-10T14:21:21","slug":"se-entregaron-800-pollitos-bebe-a-familias-en-situacion-de-vulnerabilidad","status":"publish","type":"post","link":"https:\/\/vinasfm.com\/noticias\/se-entregaron-800-pollitos-bebe-a-familias-en-situacion-de-vulnerabilidad\/","title":{"rendered":"SE ENTREGARON 800 POLLITOS BEB\u00c9 A FAMILIAS EN SITUACI\u00d3N DE VULNERABILIDAD"},"content":{"rendered":"<h5><strong>Este jueves, la Municipalidad de General Alvear y el Instituto Nacional de Tecnolog\u00eda Agropecuaria hicieron entrega de 800 pollitos a distintas familias del departamento en el marco de proyectos que buscan brindarles asistencia econ\u00f3mica.<\/strong><\/h5>\n<p>Desde la comuna se pretende la instalaci\u00f3n de 100 granjas de similares caracter\u00edsticas y para ello se comenz\u00f3 con la distribuci\u00f3n, previo an\u00e1lisis, de pollitos como parte de la primera etapa que ser\u00e1 secundada por el acompa\u00f1amiento de las dos entidades a trav\u00e9s de capacitaciones y dotaci\u00f3n de alimentos.<\/p>\n<p>Los pormenores de esta significativa entrega, los explic\u00f3 el <strong>Director de Contingencias<\/strong>, <strong>Prof. Fernando \u00c1lvarez<\/strong>: \u201c<em>Dejamos pollitos a familias en situaci\u00f3n de vulnerabilidad\u00a0en distintos barrios como El Parque, La Isla y en el CIC del B\u00b0 Soemga. El a\u00f1o pasado concretamos entregas en Carmensa y en Bowen<\/em>\u201d y tiene como objetivo darle la <em>\u201cposibilidad a los vecinos que quieran encontrar una salida econ\u00f3mica mediante la venta de huevos o de pollos ya que ser\u00e1n doble pechuga\u201d, <\/em>subray\u00f3 el funcionario.<\/p>\n<p>El<strong> INTA<\/strong> realiza el seguimiento t\u00e9cnico para que los proyectos, que no tienen una duraci\u00f3n mayor a dos a\u00f1os, sean eficientes como las 100 granjas de ponedoras, una huerta invierno-verano y un gallinero m\u00f3vil.<\/p>\n<p>\u00ab<em>Los vecinos empiecen con un peque\u00f1o avance en la cr\u00eda y de ah\u00ed en m\u00e1s veremos quienes continuar\u00e1n con el proyecto. La idea es que el municipio absorba cierta cantidad de alimentos para cada uno de los proyectos para seguir acompa\u00f1ado. El tema va tener que ver con las caracter\u00edsticas como no entregar pollitos a dos vecinos del mismo barrio\u201d<\/em>, indic\u00f3 \u00c1lvarez.<\/p>\n<p>Una vez que el proyecto contin\u00fae se entregar\u00e1n gallineros especializados a los beneficiarios pero el Director aclar\u00f3 \u00abs<em>e retomar\u00e1 una vez que la pandemia termine\u00bb.<\/em><\/p>\n<h5><em>F.B.<\/em><\/h5>\n<p>&nbsp;<\/p>\n","protected":false},"excerpt":{"rendered":"<p>Este jueves, la Municipalidad de General Alvear y el Instituto Nacional de Tecnolog\u00eda Agropecuaria hicieron entrega de 800 pollitos a distintas &#8230;<\/p>\n","protected":false},"author":8,"featured_media":67587,"comment_status":"open","ping_status":"open","sticky":false,"template":"","format":"standard","meta":{"footnotes":""},"categories":[1],"tags":[],"class_list":["post-67562","post","type-post","status-publish","format-standard","has-post-thumbnail","hentry","category-fmvinas"],"_links":{"self":[{"href":"https:\/\/vinasfm.com\/noticias\/wp-json\/wp\/v2\/posts\/67562","targetHints":{"allow":["GET"]}}],"collection":[{"href":"https:\/\/vinasfm.com\/noticias\/wp-json\/wp\/v2\/posts"}],"about":[{"href":"https:\/\/vinasfm.com\/noticias\/wp-json\/wp\/v2\/types\/post"}],"author":[{"embeddable":true,"href":"https:\/\/vinasfm.com\/noticias\/wp-json\/wp\/v2\/users\/8"}],"replies":[{"embeddable":true,"href":"https:\/\/vinasfm.com\/noticias\/wp-json\/wp\/v2\/comments?post=67562"}],"version-history":[{"count":2,"href":"https:\/\/vinasfm.com\/noticias\/wp-json\/wp\/v2\/posts\/67562\/revisions"}],"predecessor-version":[{"id":67575,"href":"https:\/\/vinasfm.com\/noticias\/wp-json\/wp\/v2\/posts\/67562\/revisions\/67575"}],"wp:featuredmedia":[{"embeddable":true,"href":"https:\/\/vinasfm.com\/noticias\/wp-json\/wp\/v2\/media\/67587"}],"wp:attachment":[{"href":"https:\/\/vinasfm.com\/noticias\/wp-json\/wp\/v2\/media?parent=67562"}],"wp:term":[{"taxonomy":"category","embeddable":true,"href":"https:\/\/vinasfm.com\/noticias\/wp-json\/wp\/v2\/categories?post=67562"},{"taxonomy":"post_tag","embeddable":true,"href":"https:\/\/vinasfm.com\/noticias\/wp-json\/wp\/v2\/tags?post=67562"}],"curies":[{"name":"wp","href":"https:\/\/api.w.org\/{rel}","templated":true}]}}