{"id":67519,"date":"2020-04-09T08:09:28","date_gmt":"2020-04-09T11:09:28","guid":{"rendered":"http:\/\/vinasfm.com\/noticias\/?p=67519"},"modified":"2020-04-10T10:31:58","modified_gmt":"2020-04-10T13:31:58","slug":"por-la-convivencia-continua-han-aumentado-las-denuncias-por-violencia","status":"publish","type":"post","link":"https:\/\/vinasfm.com\/noticias\/por-la-convivencia-continua-han-aumentado-las-denuncias-por-violencia\/","title":{"rendered":"POR LA CONVIVENCIA CONTINUA HAN AUMENTADO LAS DENUNCIAS POR VIOLENCIA"},"content":{"rendered":"<h4><strong>Con la convivencia continua por la cuarentena, en las \u00faltimas semanas se han recepcionado gran cantidad de llamados por \u201cViolencia Psicol\u00f3gica\u201d, seg\u00fan indicaron desde la Asesor\u00eda de la Mujer.<\/strong><\/h4>\n<p><em>\u201cCon la convivencia continua ha surgido otras situaciones y se han maximizado\u201d,<\/em> manifest\u00f3 Viviana Villatoro, responsable del \u00e1rea.<\/p>\n<p>La denominada violencia psicol\u00f3gica es agresi\u00f3n continuamente, desvalorizando y desacreditando la autoestima. \u201c<strong><em>Es una agresi\u00f3n no f\u00edsica, si verbal, donde la mujer continuamente est\u00e1 sufriendo todo los avatares de este hombre que la desvaloriza<\/em><\/strong>\u201d, explic\u00f3.<\/p>\n<p>En la Asesor\u00eda de la Mujer hay un equipo conformado por un a<strong>bogado, psic\u00f3loga y otros profesionales.<\/strong><\/p>\n<p><strong>Se pueden contactar al 2625-431452 a al 2625-530388,<\/strong> \u201c<em>por cualquier consulta estamos las <strong>24 horas<\/strong> para brindarle soluciones\u201d<\/em>. E<strong>n caso de emergencias se recomienda llamar al 911. Adem\u00e1s existe la l\u00ednea 144.<\/strong><\/p>\n<p>Por la dificultad que implica salir del hogar, desde la justicia se ha abierto un portal <a href=\"http:\/\/www.jus.mendoza.gov.ar\">www.jus.mendoza.gov.ar<\/a> para radicar las denuncias de protecci\u00f3n judicial con violencia familiar.<\/p>\n<p><em>\u201cNo est\u00e1n solas\u201d<\/em> complet\u00f3 Villatoro.<\/p>\n<h5><strong><em>A.C.<\/em><\/strong><\/h5>\n","protected":false},"excerpt":{"rendered":"<p>Con la convivencia continua por la cuarentena, en las \u00faltimas semanas se han recepcionado gran cantidad de llamados por \u201cViolencia Psicol\u00f3gica\u201d, &#8230;<\/p>\n","protected":false},"author":7,"featured_media":21012,"comment_status":"open","ping_status":"open","sticky":false,"template":"","format":"standard","meta":{"footnotes":""},"categories":[5],"tags":[],"class_list":["post-67519","post","type-post","status-publish","format-standard","has-post-thumbnail","hentry","category-actualidad"],"_links":{"self":[{"href":"https:\/\/vinasfm.com\/noticias\/wp-json\/wp\/v2\/posts\/67519","targetHints":{"allow":["GET"]}}],"collection":[{"href":"https:\/\/vinasfm.com\/noticias\/wp-json\/wp\/v2\/posts"}],"about":[{"href":"https:\/\/vinasfm.com\/noticias\/wp-json\/wp\/v2\/types\/post"}],"author":[{"embeddable":true,"href":"https:\/\/vinasfm.com\/noticias\/wp-json\/wp\/v2\/users\/7"}],"replies":[{"embeddable":true,"href":"https:\/\/vinasfm.com\/noticias\/wp-json\/wp\/v2\/comments?post=67519"}],"version-history":[{"count":1,"href":"https:\/\/vinasfm.com\/noticias\/wp-json\/wp\/v2\/posts\/67519\/revisions"}],"predecessor-version":[{"id":67521,"href":"https:\/\/vinasfm.com\/noticias\/wp-json\/wp\/v2\/posts\/67519\/revisions\/67521"}],"wp:featuredmedia":[{"embeddable":true,"href":"https:\/\/vinasfm.com\/noticias\/wp-json\/wp\/v2\/media\/21012"}],"wp:attachment":[{"href":"https:\/\/vinasfm.com\/noticias\/wp-json\/wp\/v2\/media?parent=67519"}],"wp:term":[{"taxonomy":"category","embeddable":true,"href":"https:\/\/vinasfm.com\/noticias\/wp-json\/wp\/v2\/categories?post=67519"},{"taxonomy":"post_tag","embeddable":true,"href":"https:\/\/vinasfm.com\/noticias\/wp-json\/wp\/v2\/tags?post=67519"}],"curies":[{"name":"wp","href":"https:\/\/api.w.org\/{rel}","templated":true}]}}