{"id":67381,"date":"2020-04-08T18:00:47","date_gmt":"2020-04-08T21:00:47","guid":{"rendered":"http:\/\/vinasfm.com\/noticias\/?p=67381"},"modified":"2020-04-09T08:49:42","modified_gmt":"2020-04-09T11:49:42","slug":"la-39-edicion-de-la-fiesta-nacional-de-la-ganaderia-sera-del-7-al-11-de-octubre","status":"publish","type":"post","link":"https:\/\/vinasfm.com\/noticias\/la-39-edicion-de-la-fiesta-nacional-de-la-ganaderia-sera-del-7-al-11-de-octubre\/","title":{"rendered":"LA 39\u00b0 EDICI\u00d3N DE LA FIESTA NACIONAL DE LA GANADER\u00cdA SER\u00c1 DEL 7 AL 11 DE OCTUBRE"},"content":{"rendered":"<p><strong>El presidente de la C\u00e1mara de Comercio de General Alvear, Andr\u00e9s Vavrik, comunic\u00f3 oficialmente la reprogramaci\u00f3n de la 39\u00b0 Fiesta Nacional de la Ganader\u00eda. Este a\u00f1o por razones de fuerza mayor ser\u00e1 del 7 a 11 de octubre.<\/strong><\/p>\n<p>La confirmaci\u00f3n la realiz\u00f3 el titular de la entidad en F.M. Vi\u00f1as: \u201c<em>Se ha reprogramado por motivos conocidos y le comunicamos a la provincia de Mendoza y a la Direcci\u00f3n Nacional de Fiestas Nacionales que la fecha ser\u00e1 del 7 al 11 de octubre de 2020\u201d.<\/em><\/p>\n<p>\u00ab<em>Vamos a improvisar algunas cosas que por cuestiones de tiempo cambian pero trataremos que sea lo m\u00e1s parecido a lo que se realiza a\u00f1o a a\u00f1o en mayo<\/em>\u00ab, subray\u00f3 al ser consultado por la diferencia inedita de tiempo en la que se concretar\u00e1 la Fiesta.<\/p>\n<p>Respecto a los artistas confirmados, indic\u00f3: \u00ab<em>Efectivamente los espect\u00e1culos se hab\u00edan cerrado antes y nos resta volverlo a dialogar con ellos para reconfirmar su presencia\u00bb.<\/em><\/p>\n<p>Asimismo Vavrik asegur\u00f3 que se indicar\u00e1n a posterior las fechas de venta de los n\u00fameros del sorteo de la camioneta y pidi\u00f3 tranquilidad a quienes lo compraron previo a que iniciara la cuarentena.<\/p>\n<p>\u00ab<em>Tenemos compromiso con muchos expositores que ten\u00edan fecha para la expo-comercial. Es un desaf\u00edo pero cumpliremos con lo acordado dejando en claro\u00a0la transparencia\u00a0de nuestra\u00a0<\/em><i>instituci\u00f3n<\/i>\u00ab, concluy\u00f3 el presidente.<\/p>\n<h5><em>F.B.<\/em><\/h5>\n","protected":false},"excerpt":{"rendered":"<p>El presidente de la C\u00e1mara de Comercio de General Alvear, Andr\u00e9s Vavrik, comunic\u00f3 oficialmente la reprogramaci\u00f3n de la 39\u00b0 Fiesta Nacional &#8230;<\/p>\n","protected":false},"author":8,"featured_media":34410,"comment_status":"open","ping_status":"open","sticky":false,"template":"","format":"standard","meta":{"footnotes":""},"categories":[5,32],"tags":[],"class_list":["post-67381","post","type-post","status-publish","format-standard","has-post-thumbnail","hentry","category-actualidad","category-camara-de-comercio"],"_links":{"self":[{"href":"https:\/\/vinasfm.com\/noticias\/wp-json\/wp\/v2\/posts\/67381","targetHints":{"allow":["GET"]}}],"collection":[{"href":"https:\/\/vinasfm.com\/noticias\/wp-json\/wp\/v2\/posts"}],"about":[{"href":"https:\/\/vinasfm.com\/noticias\/wp-json\/wp\/v2\/types\/post"}],"author":[{"embeddable":true,"href":"https:\/\/vinasfm.com\/noticias\/wp-json\/wp\/v2\/users\/8"}],"replies":[{"embeddable":true,"href":"https:\/\/vinasfm.com\/noticias\/wp-json\/wp\/v2\/comments?post=67381"}],"version-history":[{"count":2,"href":"https:\/\/vinasfm.com\/noticias\/wp-json\/wp\/v2\/posts\/67381\/revisions"}],"predecessor-version":[{"id":67385,"href":"https:\/\/vinasfm.com\/noticias\/wp-json\/wp\/v2\/posts\/67381\/revisions\/67385"}],"wp:featuredmedia":[{"embeddable":true,"href":"https:\/\/vinasfm.com\/noticias\/wp-json\/wp\/v2\/media\/34410"}],"wp:attachment":[{"href":"https:\/\/vinasfm.com\/noticias\/wp-json\/wp\/v2\/media?parent=67381"}],"wp:term":[{"taxonomy":"category","embeddable":true,"href":"https:\/\/vinasfm.com\/noticias\/wp-json\/wp\/v2\/categories?post=67381"},{"taxonomy":"post_tag","embeddable":true,"href":"https:\/\/vinasfm.com\/noticias\/wp-json\/wp\/v2\/tags?post=67381"}],"curies":[{"name":"wp","href":"https:\/\/api.w.org\/{rel}","templated":true}]}}