{"id":66950,"date":"2020-03-30T07:16:53","date_gmt":"2020-03-30T10:16:53","guid":{"rendered":"http:\/\/vinasfm.com\/noticias\/?p=66950"},"modified":"2020-03-30T12:00:12","modified_gmt":"2020-03-30T15:00:12","slug":"desde-este-viernes-los-beneficiarios-de-auh-cobraran-el-ingreso-familiar-de-emergencia","status":"publish","type":"post","link":"https:\/\/vinasfm.com\/noticias\/desde-este-viernes-los-beneficiarios-de-auh-cobraran-el-ingreso-familiar-de-emergencia\/","title":{"rendered":"DESDE ESTE VIERNES LOS BENEFICIARIOS DE AUH COBRAR\u00c1N EL INGRESO FAMILIAR DE EMERGENCIA"},"content":{"rendered":"<h5><strong>El pr\u00f3ximo viernes 3 de abril comenzar\u00e1 a pagarse el\u00a0Ingreso Familiar de Emergencia\u00a0(IFE) de $10 mil a los beneficiarios de la\u00a0Asignaci\u00f3n Universal por Hijo\u00a0(AUH) y la Asignaci\u00f3n Universal por Embarazo (AUE). Seg\u00fan indicaron fuentes oficiales, cobrar\u00e1n\u00a0los beneficiarios de AUH y AUE que \u00abno requieran un cruce socioecon\u00f3mico\u00bb.<\/strong><\/h5>\n<p>Las inscripciones para este beneficio comenzaron el viernes 27 de marzo, pero cabe destacar que este grupo de AUH y AUE cobran primero porque como ya estaban registrados en el sistema fue m\u00e1s r\u00e1pido poder determinar quienes pod\u00edan acceder al IFE.<\/p>\n<p>A trav\u00e9s del\u00a0decreto 310, el Gobierno dispuso que quienes est\u00e1n en condiciones de cobrar el IFE de $10 mil son los desocupados, los trabajadores informales, monotributistas inscriptos en las categor\u00edas \u201cA\u201d y \u201cB\u201d; monotributistas sociales y trabajadores y trabajadoras de casas particulares.<\/p>\n<p>En principio este bono extraordinario solo se cobrar\u00e1 en el mes de abril, aunque al extenderse el aislamiento preventivo y obligatorio es probable que el pago se realice tambi\u00e9n en mayo.<\/p>\n<p>Hasta el domingo se hab\u00edan anotado 5,3 millones de personas para acceder al IFE.<\/p>\n<p><img loading=\"lazy\" decoding=\"async\" class=\" wp-image-66951 aligncenter\" src=\"http:\/\/vinasfm.com\/noticias\/wp-content\/uploads\/2020\/03\/91399607_1560021374156639_4177888733778935808_n-300x300.jpg\" alt=\"\" width=\"530\" height=\"530\" srcset=\"https:\/\/vinasfm.com\/noticias\/wp-content\/uploads\/2020\/03\/91399607_1560021374156639_4177888733778935808_n-300x300.jpg 300w, https:\/\/vinasfm.com\/noticias\/wp-content\/uploads\/2020\/03\/91399607_1560021374156639_4177888733778935808_n-150x150.jpg 150w, https:\/\/vinasfm.com\/noticias\/wp-content\/uploads\/2020\/03\/91399607_1560021374156639_4177888733778935808_n-360x360.jpg 360w, https:\/\/vinasfm.com\/noticias\/wp-content\/uploads\/2020\/03\/91399607_1560021374156639_4177888733778935808_n.jpg 720w\" sizes=\"auto, (max-width: 530px) 100vw, 530px\" \/><\/p>\n<h5><em>F.B.<\/em><\/h5>\n","protected":false},"excerpt":{"rendered":"<p>El pr\u00f3ximo viernes 3 de abril comenzar\u00e1 a pagarse el\u00a0Ingreso Familiar de Emergencia\u00a0(IFE) de $10 mil a los beneficiarios de la\u00a0Asignaci\u00f3n &#8230;<\/p>\n","protected":false},"author":8,"featured_media":50701,"comment_status":"open","ping_status":"open","sticky":false,"template":"","format":"standard","meta":{"footnotes":""},"categories":[5,16],"tags":[],"class_list":["post-66950","post","type-post","status-publish","format-standard","has-post-thumbnail","hentry","category-actualidad","category-economia"],"_links":{"self":[{"href":"https:\/\/vinasfm.com\/noticias\/wp-json\/wp\/v2\/posts\/66950","targetHints":{"allow":["GET"]}}],"collection":[{"href":"https:\/\/vinasfm.com\/noticias\/wp-json\/wp\/v2\/posts"}],"about":[{"href":"https:\/\/vinasfm.com\/noticias\/wp-json\/wp\/v2\/types\/post"}],"author":[{"embeddable":true,"href":"https:\/\/vinasfm.com\/noticias\/wp-json\/wp\/v2\/users\/8"}],"replies":[{"embeddable":true,"href":"https:\/\/vinasfm.com\/noticias\/wp-json\/wp\/v2\/comments?post=66950"}],"version-history":[{"count":1,"href":"https:\/\/vinasfm.com\/noticias\/wp-json\/wp\/v2\/posts\/66950\/revisions"}],"predecessor-version":[{"id":66952,"href":"https:\/\/vinasfm.com\/noticias\/wp-json\/wp\/v2\/posts\/66950\/revisions\/66952"}],"wp:featuredmedia":[{"embeddable":true,"href":"https:\/\/vinasfm.com\/noticias\/wp-json\/wp\/v2\/media\/50701"}],"wp:attachment":[{"href":"https:\/\/vinasfm.com\/noticias\/wp-json\/wp\/v2\/media?parent=66950"}],"wp:term":[{"taxonomy":"category","embeddable":true,"href":"https:\/\/vinasfm.com\/noticias\/wp-json\/wp\/v2\/categories?post=66950"},{"taxonomy":"post_tag","embeddable":true,"href":"https:\/\/vinasfm.com\/noticias\/wp-json\/wp\/v2\/tags?post=66950"}],"curies":[{"name":"wp","href":"https:\/\/api.w.org\/{rel}","templated":true}]}}