{"id":66921,"date":"2020-03-30T06:25:01","date_gmt":"2020-03-30T09:25:01","guid":{"rendered":"http:\/\/vinasfm.com\/noticias\/?p=66921"},"modified":"2020-03-30T07:27:07","modified_gmt":"2020-03-30T10:27:07","slug":"que-hacer-si-perdiste-el-dni-o-no-lo-recibiste","status":"publish","type":"post","link":"https:\/\/vinasfm.com\/noticias\/que-hacer-si-perdiste-el-dni-o-no-lo-recibiste\/","title":{"rendered":"\u00bfQU\u00c9 HACER SI PERDISTE EL DNI O NO LO RECIBISTE?"},"content":{"rendered":"<h5><strong>La Direcci\u00f3n del Registro Civil de Mendoza informa que debido a la pandemia de COVID-19,\u00a0las oficinas est\u00e1n de guardia para la atenci\u00f3n de los tr\u00e1mites urgentes.\u00a0El Registro Nacional de las Personas (Renaper), mediante la Disposici\u00f3n 195\/20, estableci\u00f3 la tramitaci\u00f3n del documento de identidad de forma remota.<\/strong><\/h5>\n<p>Se trata de la credencial virtual del Documento Nacional de Identidad para evitar que las personas deban ir personalmente a las oficinas. La solicitud y emisi\u00f3n del DNI virtual con validez por 30 d\u00edas podr\u00e1n tramitarla aquellos mayores de 18 a\u00f1os, que han perdido su DNI o lo solicitaron y no lleg\u00f3, solo en casos urgentes.<\/p>\n<p>Para solicitar el DNI en el celular de forma remota justificando la urgencia, deber\u00e1n escribir a\u00a0<a href=\"https:\/\/www.argentina.gob.ar\/interior\/consultas@renaper.gob.ar\">consultas@renaper.gob.ar<\/a>\u00a0y se debe consignar:<\/p>\n<ul>\n<li>Motivo que acredite la urgencia.<\/li>\n<li>Nombre y apellido completo.<\/li>\n<li>N\u00famero de DNI.<\/li>\n<\/ul>\n<p>A trav\u00e9s del correo electr\u00f3nico se responder\u00e1 a cada ciudadano la admisi\u00f3n o denegaci\u00f3n de la solicitud y, en caso afirmativo, se le remitir\u00e1 el c\u00f3digo de activaci\u00f3n correspondiente conjuntamente con un instructivo para la descarga de la credencial virtual.<\/p>\n<p>Hay que destacar que la credencial tendr\u00e1 una vigencia de 30 d\u00edas luego de finalizar el aislamiento obligatorio establecido por el Gobierno nacional, seg\u00fan el Decreto 297\/20.<\/p>\n<p>Es importante mencionar que la fecha de vencimiento de los DNI se prorroga por el t\u00e9rmino de hasta 30 d\u00edas corridos luego de la finalizaci\u00f3n de la cuarentena.<\/p>\n<p><strong>Oficinas de guardia<\/strong><\/p>\n<p>Las oficinas de guardia para la registraci\u00f3n de las defunciones y de los nacimientos que deban ser inscriptos por motivos de intervenciones m\u00e9dicas o de otro tipo de urgencia debidamente acreditada son:<\/p>\n<p><strong>Guardias pasivas<\/strong><\/p>\n<p>San Rafael, <strong>General Alvear<\/strong> y Malarg\u00fce, Jun\u00edn, Lavalle, Tupungato, Tunuy\u00e1n, San Carlos (Eugenio Bustos: hospital Tagarelli).<\/p>\n<h5><em>F.B.<\/em><\/h5>\n","protected":false},"excerpt":{"rendered":"<p>La Direcci\u00f3n del Registro Civil de Mendoza informa que debido a la pandemia de COVID-19,\u00a0las oficinas est\u00e1n de guardia para la &#8230;<\/p>\n","protected":false},"author":8,"featured_media":41940,"comment_status":"open","ping_status":"open","sticky":false,"template":"","format":"standard","meta":{"footnotes":""},"categories":[5,65],"tags":[],"class_list":["post-66921","post","type-post","status-publish","format-standard","has-post-thumbnail","hentry","category-actualidad","category-registro-civil"],"_links":{"self":[{"href":"https:\/\/vinasfm.com\/noticias\/wp-json\/wp\/v2\/posts\/66921","targetHints":{"allow":["GET"]}}],"collection":[{"href":"https:\/\/vinasfm.com\/noticias\/wp-json\/wp\/v2\/posts"}],"about":[{"href":"https:\/\/vinasfm.com\/noticias\/wp-json\/wp\/v2\/types\/post"}],"author":[{"embeddable":true,"href":"https:\/\/vinasfm.com\/noticias\/wp-json\/wp\/v2\/users\/8"}],"replies":[{"embeddable":true,"href":"https:\/\/vinasfm.com\/noticias\/wp-json\/wp\/v2\/comments?post=66921"}],"version-history":[{"count":1,"href":"https:\/\/vinasfm.com\/noticias\/wp-json\/wp\/v2\/posts\/66921\/revisions"}],"predecessor-version":[{"id":66922,"href":"https:\/\/vinasfm.com\/noticias\/wp-json\/wp\/v2\/posts\/66921\/revisions\/66922"}],"wp:featuredmedia":[{"embeddable":true,"href":"https:\/\/vinasfm.com\/noticias\/wp-json\/wp\/v2\/media\/41940"}],"wp:attachment":[{"href":"https:\/\/vinasfm.com\/noticias\/wp-json\/wp\/v2\/media?parent=66921"}],"wp:term":[{"taxonomy":"category","embeddable":true,"href":"https:\/\/vinasfm.com\/noticias\/wp-json\/wp\/v2\/categories?post=66921"},{"taxonomy":"post_tag","embeddable":true,"href":"https:\/\/vinasfm.com\/noticias\/wp-json\/wp\/v2\/tags?post=66921"}],"curies":[{"name":"wp","href":"https:\/\/api.w.org\/{rel}","templated":true}]}}