{"id":66909,"date":"2020-03-30T06:45:38","date_gmt":"2020-03-30T09:45:38","guid":{"rendered":"http:\/\/vinasfm.com\/noticias\/?p=66909"},"modified":"2020-03-30T07:24:45","modified_gmt":"2020-03-30T10:24:45","slug":"se-confirmo-un-nuevo-caso-de-covid-19-en-mendoza-y-ya-son-10-los-infectados","status":"publish","type":"post","link":"https:\/\/vinasfm.com\/noticias\/se-confirmo-un-nuevo-caso-de-covid-19-en-mendoza-y-ya-son-10-los-infectados\/","title":{"rendered":"SE CONFIRM\u00d3 UN NUEVO CASO DE COVID-19 EN MENDOZA Y YA SON 10 LOS INFECTADOS"},"content":{"rendered":"<h5><strong>El Ministerio de Salud\u00a0anunci\u00f3 este domingo un\u00a0nuevo caso positivo de coronvirus en Mendoza y el total de infectados en la provincia subi\u00f3 a\u00a010, entre los que figura un fallecido.<\/strong><\/h5>\n<p>Se trata de un\u00a0<strong>hombre de 22 a\u00f1os de edad que arrib\u00f3 al\u00a0pa\u00eds luego de estar\u00a0en\u00a0Alemania<\/strong>. El paciente comenz\u00f3 a tener los primeros s\u00edntomas el 23 de marzo y se intern\u00f3\u00a0en la\u00a0<strong>Cl\u00ednica de Cuyo de Ciudad<\/strong>\u00a0al d\u00eda siguiente.<\/p>\n<p>En total, Mendoza cuenta con\u00a0<strong>10 casos confirmados:\u00a08 casos importados -gente que ha llegado de otros pa\u00edses-, uno de ellos por contacto estrecho con alguien que vino de otro pa\u00eds y un hombre fallecido.<\/strong><\/p>\n<p>Asimismo, la cartera de salud de la provincia descart\u00f3 este domingo cuatro\u00a0casos sospechosos, que dieron negativo en el test por COVID-19.<\/p>\n<h5><em>F.B.<\/em><\/h5>\n","protected":false},"excerpt":{"rendered":"<p>El Ministerio de Salud\u00a0anunci\u00f3 este domingo un\u00a0nuevo caso positivo de coronvirus en Mendoza y el total de infectados en la provincia &#8230;<\/p>\n","protected":false},"author":8,"featured_media":66754,"comment_status":"open","ping_status":"open","sticky":false,"template":"","format":"standard","meta":{"footnotes":""},"categories":[5,62],"tags":[],"class_list":["post-66909","post","type-post","status-publish","format-standard","has-post-thumbnail","hentry","category-actualidad","category-coronavirus"],"_links":{"self":[{"href":"https:\/\/vinasfm.com\/noticias\/wp-json\/wp\/v2\/posts\/66909","targetHints":{"allow":["GET"]}}],"collection":[{"href":"https:\/\/vinasfm.com\/noticias\/wp-json\/wp\/v2\/posts"}],"about":[{"href":"https:\/\/vinasfm.com\/noticias\/wp-json\/wp\/v2\/types\/post"}],"author":[{"embeddable":true,"href":"https:\/\/vinasfm.com\/noticias\/wp-json\/wp\/v2\/users\/8"}],"replies":[{"embeddable":true,"href":"https:\/\/vinasfm.com\/noticias\/wp-json\/wp\/v2\/comments?post=66909"}],"version-history":[{"count":1,"href":"https:\/\/vinasfm.com\/noticias\/wp-json\/wp\/v2\/posts\/66909\/revisions"}],"predecessor-version":[{"id":66910,"href":"https:\/\/vinasfm.com\/noticias\/wp-json\/wp\/v2\/posts\/66909\/revisions\/66910"}],"wp:featuredmedia":[{"embeddable":true,"href":"https:\/\/vinasfm.com\/noticias\/wp-json\/wp\/v2\/media\/66754"}],"wp:attachment":[{"href":"https:\/\/vinasfm.com\/noticias\/wp-json\/wp\/v2\/media?parent=66909"}],"wp:term":[{"taxonomy":"category","embeddable":true,"href":"https:\/\/vinasfm.com\/noticias\/wp-json\/wp\/v2\/categories?post=66909"},{"taxonomy":"post_tag","embeddable":true,"href":"https:\/\/vinasfm.com\/noticias\/wp-json\/wp\/v2\/tags?post=66909"}],"curies":[{"name":"wp","href":"https:\/\/api.w.org\/{rel}","templated":true}]}}