{"id":66844,"date":"2020-03-28T00:55:52","date_gmt":"2020-03-28T03:55:52","guid":{"rendered":"http:\/\/vinasfm.com\/noticias\/?p=66844"},"modified":"2020-03-30T10:26:20","modified_gmt":"2020-03-30T13:26:20","slug":"defensa-civil-alvear-trabajo-en-la-mitigacion-de-dos-incendios-forestales","status":"publish","type":"post","link":"https:\/\/vinasfm.com\/noticias\/defensa-civil-alvear-trabajo-en-la-mitigacion-de-dos-incendios-forestales\/","title":{"rendered":"DEFENSA CIVIL ALVEAR TRABAJ\u00d3 EN LA MITIGACI\u00d3N DE DOS INCENDIOS FORESTALES"},"content":{"rendered":"<h5><strong>El Director de Defensa Civil de General Alvear brind\u00f3 detalles sobre los dos incendios en espacios rurales que han tenido que sofocar el pasado mi\u00e9rcoles en distintos puntos del departamento.<\/strong><\/h5>\n<p>\u201c<em>Estuvimos en <strong>Ruta 188 a la altura de la entrada de Los Huarpes<\/strong> donde se desarroll\u00f3 un incendi\u00f3 <strong>no mayor a 3 hect\u00e1reas<\/strong>. All\u00ed particip\u00f3 Recursos Naturales y Personal de Manejo del Fuego<\/em>\u201d, explic\u00f3 <strong>Adolfo Balverde <\/strong>a <strong><em>F.M. Vi\u00f1as<\/em><\/strong>.<\/p>\n<div id=\"attachment_15169\" style=\"width: 300px\" class=\"wp-caption alignleft\"><img loading=\"lazy\" decoding=\"async\" aria-describedby=\"caption-attachment-15169\" class=\"size-medium wp-image-15169\" src=\"http:\/\/vinasfm.com\/noticias\/wp-content\/uploads\/2016\/11\/Adolfo-Balverde-defensa-civil-300x200.jpg\" alt=\"\" width=\"300\" height=\"200\" srcset=\"https:\/\/vinasfm.com\/noticias\/wp-content\/uploads\/2016\/11\/Adolfo-Balverde-defensa-civil-300x200.jpg 300w, https:\/\/vinasfm.com\/noticias\/wp-content\/uploads\/2016\/11\/Adolfo-Balverde-defensa-civil-768x512.jpg 768w, https:\/\/vinasfm.com\/noticias\/wp-content\/uploads\/2016\/11\/Adolfo-Balverde-defensa-civil.jpg 980w\" sizes=\"auto, (max-width: 300px) 100vw, 300px\" \/><p id=\"caption-attachment-15169\" class=\"wp-caption-text\">Adolfo Balverde, Director de Defensa Civil.<\/p><\/div>\n<p>La tecnolog\u00eda jug\u00f3 un papel fundamental en la detecci\u00f3n de otro incendi\u00f3 que se gener\u00f3 en <strong>Pampa del Tigre<\/strong>, Corral de Lorca, <strong>afectando 100 hect\u00e1reas<\/strong>. <strong>El radar de la NASA visualiz\u00f3 puntos de calor en ese lugar<\/strong> por lo que se activ\u00f3 el protocolo correspondiente para mitigarlo.<\/p>\n<p>Balverde aclar\u00f3 que los incendios <strong>no fueron provocados por tormentas<\/strong> y que \u201c<em>fue f\u00e1cil combatirlos porque en la \u00e9poca que trasmitamos no hay mucha temperatura sume a la tecnolog\u00eda que permite una acci\u00f3n r\u00e1pida\u201d.<\/em><\/p>\n<p>Respecto al <strong>personal de guardia<\/strong> que est\u00e1 disponible en la Oficina de Defensa Civil, el funcionario explic\u00f3: \u00ab<em>Tenemos una guardia permanente si bien hemos bajado la cantidad de personal. Estamos haciendo guardia como de fin de semana de 7:00h a 00h con personal en los tel\u00e9fonos\u00bb. <\/em><\/p>\n<p>En caso de una emergencia \u00ab<em>se convoca al personal para no tenerlo aglutinado en la oficina<\/em>\u00ab, culmin\u00f3 el Director de la entidad.<\/p>\n<h5><em>F.B.<\/em><\/h5>\n","protected":false},"excerpt":{"rendered":"<p>El Director de Defensa Civil de General Alvear brind\u00f3 detalles sobre los dos incendios en espacios rurales que han tenido que &#8230;<\/p>\n","protected":false},"author":8,"featured_media":29795,"comment_status":"open","ping_status":"open","sticky":false,"template":"","format":"standard","meta":{"footnotes":""},"categories":[5,51],"tags":[],"class_list":["post-66844","post","type-post","status-publish","format-standard","has-post-thumbnail","hentry","category-actualidad","category-defensa-civil"],"_links":{"self":[{"href":"https:\/\/vinasfm.com\/noticias\/wp-json\/wp\/v2\/posts\/66844","targetHints":{"allow":["GET"]}}],"collection":[{"href":"https:\/\/vinasfm.com\/noticias\/wp-json\/wp\/v2\/posts"}],"about":[{"href":"https:\/\/vinasfm.com\/noticias\/wp-json\/wp\/v2\/types\/post"}],"author":[{"embeddable":true,"href":"https:\/\/vinasfm.com\/noticias\/wp-json\/wp\/v2\/users\/8"}],"replies":[{"embeddable":true,"href":"https:\/\/vinasfm.com\/noticias\/wp-json\/wp\/v2\/comments?post=66844"}],"version-history":[{"count":1,"href":"https:\/\/vinasfm.com\/noticias\/wp-json\/wp\/v2\/posts\/66844\/revisions"}],"predecessor-version":[{"id":66852,"href":"https:\/\/vinasfm.com\/noticias\/wp-json\/wp\/v2\/posts\/66844\/revisions\/66852"}],"wp:featuredmedia":[{"embeddable":true,"href":"https:\/\/vinasfm.com\/noticias\/wp-json\/wp\/v2\/media\/29795"}],"wp:attachment":[{"href":"https:\/\/vinasfm.com\/noticias\/wp-json\/wp\/v2\/media?parent=66844"}],"wp:term":[{"taxonomy":"category","embeddable":true,"href":"https:\/\/vinasfm.com\/noticias\/wp-json\/wp\/v2\/categories?post=66844"},{"taxonomy":"post_tag","embeddable":true,"href":"https:\/\/vinasfm.com\/noticias\/wp-json\/wp\/v2\/tags?post=66844"}],"curies":[{"name":"wp","href":"https:\/\/api.w.org\/{rel}","templated":true}]}}