{"id":66586,"date":"2020-03-23T08:05:52","date_gmt":"2020-03-23T11:05:52","guid":{"rendered":"http:\/\/vinasfm.com\/noticias\/?p=66586"},"modified":"2020-03-24T08:36:48","modified_gmt":"2020-03-24T11:36:48","slug":"cuarentena-marcolini-felix-y-ojeda-blindan-el-sur-provincial","status":"publish","type":"post","link":"https:\/\/vinasfm.com\/noticias\/cuarentena-marcolini-felix-y-ojeda-blindan-el-sur-provincial\/","title":{"rendered":"CUARENTENA: MARCOLINI, F\u00c9LIX Y OJEDA BLINDAN EL SUR PROVINCIAL"},"content":{"rendered":"<h5><strong>En el sur de la provincia, con acuerdo de los tres intendentes, han decidido\u00a0blindar el acceso a la regi\u00f3n para quienes llegan del resto de Mendoza, San Luis, La Pampa y Neuqu\u00e9n.\u00a0Los jefes comunales de San Rafael, Emir F\u00e9lix; General Alvear, Walther Marcolini; y Malarg\u00fce, Juan Manuel Ojeda decidieron medidas que permitan reforzar los controles en todas las rutas de acceso a estos departamentos a trav\u00e9s del accionar de las fuerzas de seguridad.<\/strong><\/h5>\n<p class=\"violet\"><b>F\u00e9lix pedir\u00e1 que las empresas de colectivos restrinjan al m\u00e1ximo las ventas de pasajes,<\/b>\u00a0los que tendr\u00e1n que estar justificados en las exigencias del decreto presidencial: por ejemplo, que residan en el departamento y regresan a su domicilio, que se dirigen a cumplir sus actividades si est\u00e1n excluidas del aislamiento ordenado por la Naci\u00f3n.<\/p>\n<p><b>Lo mismo se exigir\u00e1 a quienes lleguen en veh\u00edculos particulares. F\u00e9lix aclar\u00f3 que no se va a cerrar la terminal, porque es una forma de control de los ingresos. Cabe acotar que ayer, entre las 8 y las 17, ingresaron 25 autos, todos controlados.<\/b><\/p>\n<p class=\"violet\">Por su parte,\u00a0<b>Marcolini, tras contactarse con autoridades nacionales, inform\u00f3 que el \u00abgrupo de Gendarmer\u00eda se est\u00e1 trasladando a la ruta 143 y la Polic\u00eda va a hacer un control en Cochico, con eso vamos a restringir bien, porque desde la ruta 188 solo ingresan los camiones,<\/b>\u00a0ya que San Luis ha cerrado esa ruta hace unos d\u00edas, tambi\u00e9n\u00bb.<\/p>\n<p class=\"lightblue\">En\u00a0<b>Malarg\u00fce, el jefe comunal, Juan Manuel Ojeda, decidi\u00f3 acompa\u00f1ar la iniciativa y para ello, seg\u00fan inform\u00f3, \u00abestamos tomando definiciones de un blindaje en la zona, con las autoridades nacionales y provinciales. <\/b>Hemos endurecido los controles en el norte y sur de la ciudad en R\u00edo Malarg\u00fce\u00bb.<\/p>\n<p>Puntualmente, \u00abse ha creado un nuevo dispositivo en Virgen de Los Vientos con un nuevo esquema de trabajo para los que llegan a descargar mercader\u00eda y uno uso intensivo de barbijos mientras desarrollen ese trabajo en nuestro departamento, para que usen los elementos que ser\u00e1n provistos por el municipio\u00bb.\u00a0<b>Es decir, \u00abtodo aquel transportista con mercader\u00eda, recibir\u00e1 una oblea firmada por el Director de Defensa Civil que se colocar\u00e1 en el parabrisas del veh\u00edculo. Cada uno de los choferes y eventuales acomapa\u00f1antes, deben bajarse con los barbijos colocados en el lugar donde repartan la mercader\u00eda.<\/b><\/p>\n<p>Si es un transporte que sigue el viaje, se corrobora en el control de la ruta 40 sur\u00bb. Adem\u00e1s, \u00abEn La Escondida han establecido un plan para mitigar los efectos de la pandemia, con medidas similares al tr\u00e1nsito desde La Ahumada hacia la Provincia de Mendoza\u00bb.<\/p>\n<p>\u00abAc\u00e1 intentamos que no entre la gente a la provincia, es muy complicada la zona del l\u00edmite provincial, pero quien no demuestre que viene con alg\u00fan motivo espec\u00edfico y leg\u00edtimo, no se lo deja ingresar\u00bb, agreg\u00f3 el intendente. Se est\u00e1 estudiando en Bardas Blancas y Pehuenche, medidas de blindaje similares.<\/p>\n<p><em>Fuente: Sitio Andino. \/ F.B.<\/em><\/p>\n","protected":false},"excerpt":{"rendered":"<p>En el sur de la provincia, con acuerdo de los tres intendentes, han decidido\u00a0blindar el acceso a la regi\u00f3n para quienes &#8230;<\/p>\n","protected":false},"author":8,"featured_media":66591,"comment_status":"open","ping_status":"open","sticky":false,"template":"","format":"standard","meta":{"footnotes":""},"categories":[5],"tags":[],"class_list":["post-66586","post","type-post","status-publish","format-standard","has-post-thumbnail","hentry","category-actualidad"],"_links":{"self":[{"href":"https:\/\/vinasfm.com\/noticias\/wp-json\/wp\/v2\/posts\/66586","targetHints":{"allow":["GET"]}}],"collection":[{"href":"https:\/\/vinasfm.com\/noticias\/wp-json\/wp\/v2\/posts"}],"about":[{"href":"https:\/\/vinasfm.com\/noticias\/wp-json\/wp\/v2\/types\/post"}],"author":[{"embeddable":true,"href":"https:\/\/vinasfm.com\/noticias\/wp-json\/wp\/v2\/users\/8"}],"replies":[{"embeddable":true,"href":"https:\/\/vinasfm.com\/noticias\/wp-json\/wp\/v2\/comments?post=66586"}],"version-history":[{"count":1,"href":"https:\/\/vinasfm.com\/noticias\/wp-json\/wp\/v2\/posts\/66586\/revisions"}],"predecessor-version":[{"id":66590,"href":"https:\/\/vinasfm.com\/noticias\/wp-json\/wp\/v2\/posts\/66586\/revisions\/66590"}],"wp:featuredmedia":[{"embeddable":true,"href":"https:\/\/vinasfm.com\/noticias\/wp-json\/wp\/v2\/media\/66591"}],"wp:attachment":[{"href":"https:\/\/vinasfm.com\/noticias\/wp-json\/wp\/v2\/media?parent=66586"}],"wp:term":[{"taxonomy":"category","embeddable":true,"href":"https:\/\/vinasfm.com\/noticias\/wp-json\/wp\/v2\/categories?post=66586"},{"taxonomy":"post_tag","embeddable":true,"href":"https:\/\/vinasfm.com\/noticias\/wp-json\/wp\/v2\/tags?post=66586"}],"curies":[{"name":"wp","href":"https:\/\/api.w.org\/{rel}","templated":true}]}}