{"id":66581,"date":"2020-03-23T02:20:30","date_gmt":"2020-03-23T05:20:30","guid":{"rendered":"http:\/\/vinasfm.com\/noticias\/?p=66581"},"modified":"2020-03-23T07:40:03","modified_gmt":"2020-03-23T10:40:03","slug":"asi-marcha-y-continuara-el-torneo-regional-amateur-de-futbol","status":"publish","type":"post","link":"https:\/\/vinasfm.com\/noticias\/asi-marcha-y-continuara-el-torneo-regional-amateur-de-futbol\/","title":{"rendered":"AS\u00cd MARCHA Y CONTINUAR\u00c1 EL TORNEO REGIONAL AMATEUR DE F\u00daTBOL"},"content":{"rendered":"<p>El pasado 15 de marzo se disput\u00f3 la\u00a01\u00aa fecha correspondiente a la Segunda Fase del Torneo Regional Amateur, que dentro de la Regi\u00f3n Cuyo tuvo protagonismo de los equipos sure\u00f1os, y ahora es una inc\u00f3gnita cu\u00e1ndo se va a reanudar la actividad debido a la pandemia del coronavirus.<\/p>\n<p>Una vez que se defina esto, se estar\u00e1 disputando la 2\u00aa fecha, que dentro de la zona 1 tendr\u00e1 los enfrentamientos entre el Atl\u00e9tico San Mart\u00edn y el Sport Club Quiroga de nuestro departamento, mientras que la Uni\u00f3n Social y Deportiva Bowen estar\u00e1 recibiendo a FADEP (Fundaci\u00f3n Amigos por el Deporte).<\/p>\n<p>Las posiciones en esta zona tienen a FADEP como l\u00edder con 3 unidades, Quiroga y Bowen suman 1 punto, mientras que San Mart\u00edn no tiene unidades. Emiliano Sosa, delantero del Sport Club Quiroga, con su gol ante Bowen alcanz\u00f3 los 6 gritos en 7 partidos y es uno de los m\u00e1ximos goleadores de la competencia en la Regi\u00f3n Cuyo. Misma cantidad suma Jos\u00e9 Guti\u00e9rrez, delantero sanrafaelino ex Pilares, Pedal y Balloffet, que juega en Defensores de Potrero de los Funes, provincia de San Luis.<\/p>\n<p>M\u00e1s atr\u00e1s siguen Sebasti\u00e1n M\u00e9ndez, de Defensores de la Boca de la provincia de San Juan, tambi\u00e9n con 6 goles; Fernando Sacconi del Sportivo Villa La Quebrada, provincia de San Luis, con 5 anotaciones; Nicol\u00e1s C\u00eda, atacante del Sport Club Quiroga de nuestro departamento, que lleva 5; y Nicol\u00e1s Pereyra, del Sportivo Villa La Quebrada, provincia de San Luis, que suma 4 goles.<\/p>\n<p>En el resto de las zonas que tiene el pa\u00eds, con siete goles en lo que va del torneo est\u00e1n: Mart\u00edn Abraham de Alto Hornos Zapla, provincia de Jujuy; Enzo \u00c1lvarez del Deportivo Tabacal, de la provincia de Salta; Luis G\u00f3mez de Resistencia Central, Chaco; Franco Montero de Puerto Moreno, de San Carlos de Bariloche; y Cristian Rami de Sportivo Tirolesa, de C\u00f3rdoba.<\/p>\n<h5><em>Fuente: Diario San Rafael.\/ F.B.<\/em><\/h5>\n","protected":false},"excerpt":{"rendered":"<p>El pasado 15 de marzo se disput\u00f3 la\u00a01\u00aa fecha correspondiente a la Segunda Fase del Torneo Regional Amateur, que dentro de &#8230;<\/p>\n","protected":false},"author":8,"featured_media":66582,"comment_status":"open","ping_status":"open","sticky":false,"template":"","format":"standard","meta":{"footnotes":""},"categories":[5,3],"tags":[],"class_list":["post-66581","post","type-post","status-publish","format-standard","has-post-thumbnail","hentry","category-actualidad","category-deportes"],"_links":{"self":[{"href":"https:\/\/vinasfm.com\/noticias\/wp-json\/wp\/v2\/posts\/66581","targetHints":{"allow":["GET"]}}],"collection":[{"href":"https:\/\/vinasfm.com\/noticias\/wp-json\/wp\/v2\/posts"}],"about":[{"href":"https:\/\/vinasfm.com\/noticias\/wp-json\/wp\/v2\/types\/post"}],"author":[{"embeddable":true,"href":"https:\/\/vinasfm.com\/noticias\/wp-json\/wp\/v2\/users\/8"}],"replies":[{"embeddable":true,"href":"https:\/\/vinasfm.com\/noticias\/wp-json\/wp\/v2\/comments?post=66581"}],"version-history":[{"count":1,"href":"https:\/\/vinasfm.com\/noticias\/wp-json\/wp\/v2\/posts\/66581\/revisions"}],"predecessor-version":[{"id":66583,"href":"https:\/\/vinasfm.com\/noticias\/wp-json\/wp\/v2\/posts\/66581\/revisions\/66583"}],"wp:featuredmedia":[{"embeddable":true,"href":"https:\/\/vinasfm.com\/noticias\/wp-json\/wp\/v2\/media\/66582"}],"wp:attachment":[{"href":"https:\/\/vinasfm.com\/noticias\/wp-json\/wp\/v2\/media?parent=66581"}],"wp:term":[{"taxonomy":"category","embeddable":true,"href":"https:\/\/vinasfm.com\/noticias\/wp-json\/wp\/v2\/categories?post=66581"},{"taxonomy":"post_tag","embeddable":true,"href":"https:\/\/vinasfm.com\/noticias\/wp-json\/wp\/v2\/tags?post=66581"}],"curies":[{"name":"wp","href":"https:\/\/api.w.org\/{rel}","templated":true}]}}