{"id":66562,"date":"2020-03-23T01:37:14","date_gmt":"2020-03-23T04:37:14","guid":{"rendered":"http:\/\/vinasfm.com\/noticias\/?p=66562"},"modified":"2020-03-23T07:47:24","modified_gmt":"2020-03-23T10:47:24","slug":"con-tecnologia-3d-construyeron-200-mascarillas-protectoras","status":"publish","type":"post","link":"https:\/\/vinasfm.com\/noticias\/con-tecnologia-3d-construyeron-200-mascarillas-protectoras\/","title":{"rendered":"CON TECNOLOG\u00cdA 3D CONSTRUYERON 200 MASCARILLAS PROTECTORAS"},"content":{"rendered":"<h5><strong>La Municipalidad de General Alvear comenz\u00f3 con la construcci\u00f3n de 200 mascarillas 3D para ser entregadas al personal del Hospital Enfermeros Argentinos y de Servicios P\u00fablicos, para que sus labores sean m\u00e1s seguras.<\/strong><\/h5>\n<div>Las mismas se realizan en conjunto entre la Municipalidad de General Alvear, Instituciones Educativas y privados que cuentan con impresoras 3D y que quieren colaborar sin pedir nada a cambio. V\u00eda On Line coordinaron los dise\u00f1os e ideas, y ya se est\u00e1n viendo los primeros resultados.<\/div>\n<div><\/div>\n<div>Desde la Municipalidad de General Alvear se pusieron a disposici\u00f3n todas las herramientas para prevenir la pandemia provocada por el coronavirus, y en este caso, gracias al avance en Ciencia y Tecnolog\u00eda impulsado por el intendente Walther Marcolini, se est\u00e1n fabricando mascarillas protectoras con las impresoras 3D.<\/div>\n<div><\/div>\n<div>\u201c<em>El objetivo es que sean utilizadas en el hospital Enfermeros Argentinos, tanto por m\u00e9dicos como enfermeros, la idea incluye una ampliaci\u00f3n para que lo pueda usar el personal de Servicios P\u00fablicos de la Municipalidad<\/em>\u201d dijo Marcos Caro, Director de Desarrollo Econ\u00f3mico e Innovaci\u00f3n.<\/div>\n<div><\/div>\n<div>Haciendo uso de las impresoras 3D de la Municipalidad se espera fabricar 200 mascarillas durante esta primer semana.<\/div>\n<div><\/div>\n<div>Quienes participan de esta iniciativa son:<\/div>\n<div><\/div>\n<div>-Agencia Municipal de Ciencia y Tecnolog\u00eda de la Municipalidad de General Alvear<\/div>\n<div>-Idesa-Ugacoop<\/div>\n<div>-Escuela T\u00e9cnica Enore de Monte (Bowen)<\/div>\n<div>-Hospital Enfermeros Argentinos<\/div>\n<div>&#8211; Guido Pia<\/div>\n<div>&#8211; Mauricio Germ\u00e1n Pia<\/div>\n<div>&#8211; Juan Martin Guajardo<\/div>\n<div>&#8211; Valentin Climent<\/div>\n<div>&#8211; Lautaro Balbuena<\/div>\n<div>&#8211; Juan Carlos Nieto Velasco<\/div>\n<div>&#8211; Brandon Gabriel Orozco<\/div>\n<div>&#8211; Joaquin Vergara<\/div>\n<div>&#8211; Lucila Di Paolo<\/div>\n<div>&#8211; Diego Videla<\/div>\n<div>&#8211; Oscar Mateo (Hospital Enfermeros Argentinos)<\/div>\n<div>&#8211; Ezequiel Matias Lentz (Idesa-Ugacoop)<\/div>\n<div>&#8211; Carlos Esteban Raimondi (Idesa Ugacoop)<\/div>\n<div>&#8211; Marcos Caro (Director de Desarrollo Econ\u00f3mico e Innovaci\u00f3n de la Municipalidad de General Alvear)<\/div>\n<div>&#8211; Carlos Ponce (Secretario de Desarrollo Econ\u00f3mico)<\/div>\n<div>&#8211; Matias Szarkow (Esc. 4-105 T\u00e9cnica Enore de Monte, Bowen)<\/div>\n<div>&#8211; Bruno Vega (Esc. 4-105 T\u00e9cnica Enore de Monte, Bowen)<\/div>\n<div>&#8211; Walther Garcia (Esc. 4-105 T\u00e9cnica Enore de Monte, Bowen)<\/div>\n<div>&#8211; Denis Gauron (Municipalidad de General Alvear)<\/div>\n<h5><em>F.B.<\/em><\/h5>\n","protected":false},"excerpt":{"rendered":"<p>La Municipalidad de General Alvear comenz\u00f3 con la construcci\u00f3n de 200 mascarillas 3D para ser entregadas al personal del Hospital Enfermeros &#8230;<\/p>\n","protected":false},"author":8,"featured_media":66563,"comment_status":"open","ping_status":"open","sticky":false,"template":"","format":"standard","meta":{"footnotes":""},"categories":[1],"tags":[],"class_list":["post-66562","post","type-post","status-publish","format-standard","has-post-thumbnail","hentry","category-fmvinas"],"_links":{"self":[{"href":"https:\/\/vinasfm.com\/noticias\/wp-json\/wp\/v2\/posts\/66562","targetHints":{"allow":["GET"]}}],"collection":[{"href":"https:\/\/vinasfm.com\/noticias\/wp-json\/wp\/v2\/posts"}],"about":[{"href":"https:\/\/vinasfm.com\/noticias\/wp-json\/wp\/v2\/types\/post"}],"author":[{"embeddable":true,"href":"https:\/\/vinasfm.com\/noticias\/wp-json\/wp\/v2\/users\/8"}],"replies":[{"embeddable":true,"href":"https:\/\/vinasfm.com\/noticias\/wp-json\/wp\/v2\/comments?post=66562"}],"version-history":[{"count":2,"href":"https:\/\/vinasfm.com\/noticias\/wp-json\/wp\/v2\/posts\/66562\/revisions"}],"predecessor-version":[{"id":66584,"href":"https:\/\/vinasfm.com\/noticias\/wp-json\/wp\/v2\/posts\/66562\/revisions\/66584"}],"wp:featuredmedia":[{"embeddable":true,"href":"https:\/\/vinasfm.com\/noticias\/wp-json\/wp\/v2\/media\/66563"}],"wp:attachment":[{"href":"https:\/\/vinasfm.com\/noticias\/wp-json\/wp\/v2\/media?parent=66562"}],"wp:term":[{"taxonomy":"category","embeddable":true,"href":"https:\/\/vinasfm.com\/noticias\/wp-json\/wp\/v2\/categories?post=66562"},{"taxonomy":"post_tag","embeddable":true,"href":"https:\/\/vinasfm.com\/noticias\/wp-json\/wp\/v2\/tags?post=66562"}],"curies":[{"name":"wp","href":"https:\/\/api.w.org\/{rel}","templated":true}]}}