{"id":66531,"date":"2020-03-21T15:44:15","date_gmt":"2020-03-21T18:44:15","guid":{"rendered":"http:\/\/vinasfm.com\/noticias\/?p=66531"},"modified":"2020-03-23T09:43:31","modified_gmt":"2020-03-23T12:43:31","slug":"el-gobierno-amplio-las-actividades-permitidas-en-el-aislamiento-obligatorio","status":"publish","type":"post","link":"https:\/\/vinasfm.com\/noticias\/el-gobierno-amplio-las-actividades-permitidas-en-el-aislamiento-obligatorio\/","title":{"rendered":"EL GOBIERNO AMPLI\u00d3 LAS ACTIVIDADES PERMITIDAS EN EL AISLAMIENTO OBLIGATORIO"},"content":{"rendered":"<h5><strong>El gobierno nacional incorpor\u00f3 otras actividades y servicios a la n\u00f3mina de los declarados \u00abesenciales\u00bb que quedan \u00abexceptuadas del cumplimiento\u00bb del aislamiento social, preventivo y obligatorio dispuesto por el presidente Alberto Fern\u00e1ndez, en un decreto de necesidad y urgencia\u00a0que busca \u00abintensificar los controles\u00bb para poder mitigar las posibilidades de contagio de coronavirus entre la poblaci\u00f3n.<\/strong><\/h5>\n<p>\u00abLa realidad de las primeras horas de aislamiento social, preventivo y obligatorio han demostrado la necesidad de incorporar otras actividades y servicios con car\u00e1cter de esenciales a fin de mitigar los efectos ocasionadas por las medidas tomadas\u00bb, dice la resoluci\u00f3n administrativa 429\/2020 publicada\u00a0durante la noche del viernes en un suplemento del Bolet\u00edn Oficial,\u00a0<strong>que agreg\u00f3 diez excepciones a la prohibici\u00f3n de circular<\/strong>, entre las que figuran<strong>\u00a0\u00ablos restaurantes, locales de comidas preparadas y locales de comidas r\u00e1pidas\u00bb, aunque solo con \u00abservicios de reparto domiciliario\u00bb.<\/strong><\/p>\n<p>La resoluci\u00f3n lleva la firma del ministro de Salud, Gin\u00e9s Gonz\u00e1lez Garc\u00eda y el jefe de Gabinete Santiago Cafiero, en su car\u00e1cter de coordinador de la Unidad de Coordinaci\u00f3n General del Plan Integral para la Prevenci\u00f3n de Eventos de Salud P\u00fablica de Importancia Internacional.<\/p>\n<p>La resoluci\u00f3n agrega\u00a0<strong>para el caso de las casas de comida que \u00abpodr\u00e1n vender sus productos a trav\u00e9s de servicios de reparto domiciliario, con sujeci\u00f3n al protocolo espec\u00edfico establecido por la autoridad sanitaria\u00bb<\/strong>\u00a0y, \u00aben ning\u00fan caso, podr\u00e1n brindar servicios con atenci\u00f3n al p\u00fablico en forma personal\u00bb.<\/p>\n<p>El jueves, el presidente Alberto Fern\u00e1ndez anunci\u00f3 el aislamiento social, preventivo y obligatorio desde la hora 0 del 20 de marzo hasta el 31 del mismo mes, luego de una reuni\u00f3n que mantuvo con los mandatarios provinciales, en la que recibi\u00f3 el respaldo de la totalidad para encarar las medidas que considere necesarias para evitar la propagaci\u00f3n del virus entre la poblaci\u00f3n.<\/p>\n<p>El mandatario enumer\u00f3 actividades y servicios considerados \u00abesenciales\u00bb, que constituyen excepciones para la norma, luego reflejados en el DNU 297, pero \u00abla din\u00e1mica de la situaci\u00f3n epidemiol\u00f3gica y de la eficacia que se observe en el cumplimento de la presente medida\u00bb, hizo que\u00a0el viernes se agreguen otras adicionales.<\/p>\n<p>As\u00ed, adem\u00e1s de la que rige para las casas de comidas, la n\u00f3mina de excepciones que se suman\u00a0<strong>contin\u00faa con \u00abindustrias que realicen procesos continuos cuya interrupci\u00f3n implique da\u00f1os estructurales en las l\u00edneas de producci\u00f3n y\/o maquinarias\u00bb,<\/strong>\u00a0previa \u00abautorizaci\u00f3n\u00bb solicitada a la \u00ablas Secretar\u00eda de Industria, Econom\u00eda del Conocimiento y Gesti\u00f3n Comercial Externa\u00bb, pero con la condici\u00f3n de reducir \u00abal m\u00ednimo su actividad y dotaci\u00f3n de personal\u00bb.<\/p>\n<p>Se agreg<strong>a la \u00abproducci\u00f3n y distribuci\u00f3n de biocombustibles\u00bb, \u00aboperaci\u00f3n de centrales nucleares\u00bb, los \u00abhoteles afectados al servicio de emergencia sanitaria\u00bb<\/strong>, que deber\u00e1n tambi\u00e9n \u00abgarantizar las prestaciones a las personas que se hallaren alojadas\u00bb en sus instalaciones antes del dictado del \u00abaislamiento social, preventivo y obligatorio\u00bb.<\/p>\n<p>Tambi\u00e9n est\u00e1n abarcados<strong>\u00a0la \u00abdotaci\u00f3n de personal m\u00ednima necesaria para la operaci\u00f3n de la F\u00e1brica Argentina de Aviones\u00bb, las \u00abautoridades de la Comisi\u00f3n Nacional de Valores\u00bb<\/strong>, que \u00abpodr\u00e1n autorizar la actividad de una dotaci\u00f3n m\u00ednima de personal y de la de sus regulados, en caso de resultar necesario\u00bb.<\/p>\n<p>Se incluye asimismo\u00a0<strong>la \u00aboperaci\u00f3n de aeropuertos, operaciones de garages y estacionamientos, con dotaciones m\u00ednimas\u00bb,<\/strong>\u00a0<strong>\u00absostenimiento de actividades vinculadas a la protecci\u00f3n ambiental minera&#8217;, y \u00abcurtiembres, con dotaci\u00f3n m\u00ednima, para la recepci\u00f3n de cuero proveniente de la actividad frigor\u00edfica&#8217;.<\/strong><\/p>\n<p>En todos los casos, marca el DNU, \u00ablos desplazamientos de las personas alcanzadas\u00bb por estas excepciones \u00abdeber\u00e1n limitarse al estricto cumplimiento de las actividades y servicios considerados esenciales\u00bb.<\/p>\n<p>Tambi\u00e9n\u00a0<strong>se permitir\u00e1 la circulaci\u00f3n de los ministros de los diferentes cultos a los efectos de brindar asistencia espiritual,<\/strong>\u00a0debiendo los templos ajustarse en su funcionamiento a lo estipulado en el primer p\u00e1rrafo del art\u00edculo 5\u00b0 del Decreto N\u00b0 297\/20&#8243;.<\/p>\n<p>Asimismo se aclara que en el inciso 12 del art\u00edculo 6\u00b0 del Decreto N\u00b0 297\/20 cuando se refiere a las Industrias de alimentaci\u00f3n se entender\u00e1 a\u00a0<strong>\u00ablas que integran la cadena de valor e insumos de los sectores productivos de alimentaci\u00f3n y bebidas, higiene personal y limpieza, equipamiento m\u00e9dico, medicamentos, vacunas y otros insumos sanitarios\u201d.<\/strong><\/p>\n<h5><em>F.B.<\/em><\/h5>\n","protected":false},"excerpt":{"rendered":"<p>El gobierno nacional incorpor\u00f3 otras actividades y servicios a la n\u00f3mina de los declarados \u00abesenciales\u00bb que quedan \u00abexceptuadas del cumplimiento\u00bb del &#8230;<\/p>\n","protected":false},"author":8,"featured_media":55830,"comment_status":"open","ping_status":"open","sticky":false,"template":"","format":"standard","meta":{"footnotes":""},"categories":[5,62],"tags":[],"class_list":["post-66531","post","type-post","status-publish","format-standard","has-post-thumbnail","hentry","category-actualidad","category-coronavirus"],"_links":{"self":[{"href":"https:\/\/vinasfm.com\/noticias\/wp-json\/wp\/v2\/posts\/66531","targetHints":{"allow":["GET"]}}],"collection":[{"href":"https:\/\/vinasfm.com\/noticias\/wp-json\/wp\/v2\/posts"}],"about":[{"href":"https:\/\/vinasfm.com\/noticias\/wp-json\/wp\/v2\/types\/post"}],"author":[{"embeddable":true,"href":"https:\/\/vinasfm.com\/noticias\/wp-json\/wp\/v2\/users\/8"}],"replies":[{"embeddable":true,"href":"https:\/\/vinasfm.com\/noticias\/wp-json\/wp\/v2\/comments?post=66531"}],"version-history":[{"count":1,"href":"https:\/\/vinasfm.com\/noticias\/wp-json\/wp\/v2\/posts\/66531\/revisions"}],"predecessor-version":[{"id":66535,"href":"https:\/\/vinasfm.com\/noticias\/wp-json\/wp\/v2\/posts\/66531\/revisions\/66535"}],"wp:featuredmedia":[{"embeddable":true,"href":"https:\/\/vinasfm.com\/noticias\/wp-json\/wp\/v2\/media\/55830"}],"wp:attachment":[{"href":"https:\/\/vinasfm.com\/noticias\/wp-json\/wp\/v2\/media?parent=66531"}],"wp:term":[{"taxonomy":"category","embeddable":true,"href":"https:\/\/vinasfm.com\/noticias\/wp-json\/wp\/v2\/categories?post=66531"},{"taxonomy":"post_tag","embeddable":true,"href":"https:\/\/vinasfm.com\/noticias\/wp-json\/wp\/v2\/tags?post=66531"}],"curies":[{"name":"wp","href":"https:\/\/api.w.org\/{rel}","templated":true}]}}