{"id":66529,"date":"2020-03-21T08:26:33","date_gmt":"2020-03-21T11:26:33","guid":{"rendered":"http:\/\/vinasfm.com\/noticias\/?p=66529"},"modified":"2020-03-23T07:48:47","modified_gmt":"2020-03-23T10:48:47","slug":"coronavirus-en-la-argentina-confirmaron-otros-30-casos-y-ascienden-a-158-los-infectados","status":"publish","type":"post","link":"https:\/\/vinasfm.com\/noticias\/coronavirus-en-la-argentina-confirmaron-otros-30-casos-y-ascienden-a-158-los-infectados\/","title":{"rendered":"CORONAVIRUS EN LA ARGENTINA: CONFIRMARON OTROS 30 CASOS Y ASCIENDEN A 158 LOS INFECTADOS"},"content":{"rendered":"<h4><strong>El Gobierno nacional confirm\u00f3 este viernes que en las \u00faltimas horas se detectaron otros\u00a030 casos\u00a0de\u00a0coronavirus\u200b en el pa\u00eds, con los que el total de los pacientes ascendi\u00f3 a\u00a0158,\u00a0entre los que se contemplan\u00a03 muertos.<\/strong><\/h4>\n<p>Desde el Ministerio de Salud indicaron que 9 de los nuevos pacientes se encuentran en la provincia de Buenos Aires, 9 en la Capital Federal, 4 en C\u00f3rdoba, 1 en Chaco, 1 en Tierra del Fuego, 1 en Entre R\u00edos, 1 en San Luis, 1 en Corrientes, 2 en Neuqu\u00e9n y 1 en Santiago del Estero.<\/p>\n<p>Esos son los resultados\u00a0de los estudios que realiz\u00f3 el Instituto Malbr\u00e1n sobre las muestras enviadas desde las distintas jurisdicciones.<\/p>\n<p>\u00abDe los 30 casos, 22 corresponden a personas con antecedentes de viaje a zona de riesgo, mientras que 4 con contactos estrechos de casos confirmados\u00bb, detallaron las autoridades sanitarias.<\/p>\n<p>Y remarcaron que \u00ablos pacientes se encuentran cumpliendo el aislamiento establecido por las autoridades sanitarias\u00bb.<\/p>\n<p>\u00abLas autoridades sanitarias de las provincias se encuentran realizando la investigaci\u00f3n epidemiol\u00f3gica de los nuevos casos confirmados, con el fin de detectar los contactos estrechos para que cumplan el aislamiento domiciliario con seguimiento diario establecido por protocolo\u00bb, indicaron.<\/p>\n<p>Los guarismos se conocieron durante la primera jornada de la cuarentena total que decret\u00f3 el jueves el presidente Alberto Fern\u00e1ndez para extremar el aislamiento social y evitar as\u00ed la propagaci\u00f3n del Covid-19.<\/p>\n<p>Este viernes, los datos que envi\u00f3 el Ministerio de Salud de la Naci\u00f3n no coincidieron con un parte oficial que difundi\u00f3 el Gobierno porte\u00f1o, en el que afirm\u00f3 en la ciudad hab\u00eda 13 nuevos casos.<\/p>\n<h5><strong><em>Fuente: Clarin \/ A.C.<\/em><\/strong><\/h5>\n","protected":false},"excerpt":{"rendered":"<p>El Gobierno nacional confirm\u00f3 este viernes que en las \u00faltimas horas se detectaron otros\u00a030 casos\u00a0de\u00a0coronavirus\u200b en el pa\u00eds, con los que &#8230;<\/p>\n","protected":false},"author":7,"featured_media":66340,"comment_status":"open","ping_status":"open","sticky":false,"template":"","format":"standard","meta":{"footnotes":""},"categories":[5,62],"tags":[],"class_list":["post-66529","post","type-post","status-publish","format-standard","has-post-thumbnail","hentry","category-actualidad","category-coronavirus"],"_links":{"self":[{"href":"https:\/\/vinasfm.com\/noticias\/wp-json\/wp\/v2\/posts\/66529","targetHints":{"allow":["GET"]}}],"collection":[{"href":"https:\/\/vinasfm.com\/noticias\/wp-json\/wp\/v2\/posts"}],"about":[{"href":"https:\/\/vinasfm.com\/noticias\/wp-json\/wp\/v2\/types\/post"}],"author":[{"embeddable":true,"href":"https:\/\/vinasfm.com\/noticias\/wp-json\/wp\/v2\/users\/7"}],"replies":[{"embeddable":true,"href":"https:\/\/vinasfm.com\/noticias\/wp-json\/wp\/v2\/comments?post=66529"}],"version-history":[{"count":2,"href":"https:\/\/vinasfm.com\/noticias\/wp-json\/wp\/v2\/posts\/66529\/revisions"}],"predecessor-version":[{"id":66585,"href":"https:\/\/vinasfm.com\/noticias\/wp-json\/wp\/v2\/posts\/66529\/revisions\/66585"}],"wp:featuredmedia":[{"embeddable":true,"href":"https:\/\/vinasfm.com\/noticias\/wp-json\/wp\/v2\/media\/66340"}],"wp:attachment":[{"href":"https:\/\/vinasfm.com\/noticias\/wp-json\/wp\/v2\/media?parent=66529"}],"wp:term":[{"taxonomy":"category","embeddable":true,"href":"https:\/\/vinasfm.com\/noticias\/wp-json\/wp\/v2\/categories?post=66529"},{"taxonomy":"post_tag","embeddable":true,"href":"https:\/\/vinasfm.com\/noticias\/wp-json\/wp\/v2\/tags?post=66529"}],"curies":[{"name":"wp","href":"https:\/\/api.w.org\/{rel}","templated":true}]}}