{"id":66523,"date":"2020-03-21T07:45:26","date_gmt":"2020-03-21T10:45:26","guid":{"rendered":"http:\/\/vinasfm.com\/noticias\/?p=66523"},"modified":"2020-03-23T08:33:56","modified_gmt":"2020-03-23T11:33:56","slug":"el-intendente-solicito-a-los-alvearenses-cumplir-con-la-cuarentena-obligatoria","status":"publish","type":"post","link":"https:\/\/vinasfm.com\/noticias\/el-intendente-solicito-a-los-alvearenses-cumplir-con-la-cuarentena-obligatoria\/","title":{"rendered":"EL INTENDENTE SOLICIT\u00d3 A LOS ALVEARENSES CUMPLIR CON LA CUARENTENA OBLIGATORIA"},"content":{"rendered":"<h5><strong>De acuerdo al Decreto de Necesidad y Urgencia 297\/2.020 emitido el jueves\u00a0 por el Gobierno Nacional estableciendo el aislamiento social preventivo y obligatorio hasta el martes 31 de marzo, el Intendente Walther Marcolini solicit\u00f3 a la poblaci\u00f3n que no salga de sus casas y anunci\u00f3 una serie de programas que ha lanzado el municipio para cuidar a los alvearenses de todas las edades.<\/strong><\/h5>\n<div>Entre las nuevas medidas tomadas por el municipio:<\/div>\n<div>&#8211; Cerr\u00f3 la atenci\u00f3n al p\u00fablico;<\/div>\n<div>&#8211; Personal de servicios p\u00fablicos va a hacer pulverizaciones de desinfecci\u00f3n en Ciudad y distritos;<\/div>\n<div>&#8211; El cementerio ha sido cerrado, solo permitiendo realizar sepelios;<\/div>\n<div>&#8211; La recolecci\u00f3n de residuos tipo A, de cocina, tendr\u00e1 lugar lunes, mi\u00e9rcoles y viernes a las 14:00h;<\/div>\n<div>&#8211; A partir de hoy se ha hecho una refuncionalizaci\u00f3n de los talleres municipales de costura, que han comenzado a fabricar barbijos, que se van a poner a disposici\u00f3n del Hospital Enfermeros Argentinos para su distribuci\u00f3n.<\/div>\n<div>Adem\u00e1s, ha lanzado una serie de programas que contribuyen a que los vecinos permanezcan en sus hogares:<\/div>\n<div>&#8211; Programa de servicio para adultos mayores, los cuales comunic\u00e1ndose a los tel\u00e9fonos 0800-222-8533, 422100, 422661, 422662, 424477, mediante el cual es visitado por un empleado municipal debidamente identificado para realizar cualquier tipo de tr\u00e1mite: pago de servicios, compras en farmacia, solicitud de turno m\u00e9dico.<\/div>\n<div>&#8211; Ayer comenz\u00f3 el Programa Activo en Casa, que consta de clases de gimnasia On Line para toda la familia, que se dictan los mi\u00e9rcoles y viernes a las 19:00h en vivo por la p\u00e1gina de Facebook de la Municipalidad @GeneralAlvearMendoza. As\u00ed, podr\u00e1n realizar ejercicios de fuerza, baile, flexibilidad, juegos con ni\u00f1os y otras actividades, a cargo de los profesores Viviana Giaccaria, Leonardo Zarategui, Roberto Sim\u00f3n, Hern\u00e1n Sayago, entre otros.<\/div>\n<div>&#8211; Contin\u00faa el Concurso #YoMeQuedoEnCasa, mediante el cual ni\u00f1os de hasta 12 a\u00f1os pueden participar enviando un dibujo mostrando una t\u00e9cnica de prevenci\u00f3n del coronavirus ayudando a tomar conciencia. Tambi\u00e9n participan los pap\u00e1s publicando una foto del dibujo en Instagram @munialvear o en Facebook @GeneralAlvearMendoza. Los ni\u00f1os participantes pueden ganar tablets que ser\u00e1n sorteadas el mi\u00e9rcoles 15 de abril.<\/div>\n<div><\/div>\n<div>Dado que en el d\u00eda de ayer se produjeron 31 nuevos casos en el pa\u00eds, el Intendente destac\u00f3 que cuesta aceptar esta realidad, que hay mucha presencia de gente en los cajeros de los bancos y en las colas de los supermercados, por lo que es importante tomar conciencia de la necesidad de este aislamiento total. \u00ab<em>Le pedimos a la gente que se quede en casa, que trate de salir lo menos posible, estamos todos luchando contra esta pandemia que lamentablemente est\u00e1 creciendo en n\u00famero en el pa\u00eds, que por suerte en General Alvear y en la Provincia no tenemos ning\u00fan caso confirmado, entonces es necesario evitar la circulaci\u00f3n interna, aut\u00f3ctona del virus, por eso pedimos la mayor colaboraci\u00f3n de la poblaci\u00f3n<\/em>\u00ab, expres\u00f3 Walther Marcolini.<\/div>\n<div><\/div>\n<div>El municipio cerr\u00f3 su atenci\u00f3n al p\u00fablico, se han dispuesto tareas administrativas por la ma\u00f1ana, \u00ab<em>con los secretarios hemos tomado medidas para que el pr\u00f3ximo martes 31 de marzo, que ser\u00e1 feriado porque se mueve el correspondiente al 2 de abril, los empleados municipales cobren su sueldo<\/em>\u00ab, se\u00f1al\u00f3 el jefe comunal.<\/div>\n<div><\/div>\n<div>El mandatario resalt\u00f3 que a partir del 1 de abril se iniciar\u00e1 la ampliaci\u00f3n de la obra de los consultorios m\u00e9dicos del Barrio San Carlos, porque se ha dispuesto junto al Hospital Enfermeros Argentinos y el \u00c1rea departamental de Salud atender las recetas del barrio para confeccionarlas y luego llevarlas al Hospital para ser firmadas, adem\u00e1s de brindar atenci\u00f3n a embarazadas para que no deban trasladarse. Asimismo, el municipio va a hacer un esfuerzo importante para la construcci\u00f3n del SUM, una obra que estaba planificada para este a\u00f1o, con el fin de dar mejores condiciones a los vecinos que se vayan a atender all\u00ed.<\/div>\n<div><\/div>\n<div>\u00ab<em>Con el Director provincial de Ganader\u00eda Dami\u00e1n Carb\u00f3 hemos establecido que cuando los productores sean controlados por la polic\u00eda o gendarmer\u00eda, presenten su RENSPA para constatar que son ganaderos y est\u00e1n circulando a sus unidades de producci\u00f3n. Por otra parte, el decreto provincial ha autorizado la cosecha de uva, por eso estamos coordinando con las\u00a0 bodegas un manejo ordenado y un ingreso medido<\/em>\u00bb destac\u00f3 el Intendente Walther Marcolini y agreg\u00f3: \u00ab<em>agradezco a quienes han cerrado su comercio, han acatado esta decisi\u00f3n, han tomado con seriedad esta problem\u00e1tica, esta grave crisis y le solicitamos a todos la mayor colaboraci\u00f3n posible<\/em>\u00ab.<\/div>\n<div><\/div>\n<div>Adem\u00e1s de las medidas y los anuncios, desde hoy, la Direcci\u00f3n de Servicios P\u00fablicos comenz\u00f3 a desinfectar espacios p\u00fablicos, entre ellos, los alrededores del Hospital Enfermeros Argentinos.<\/div>\n<h5><em>F.B.<\/em><\/h5>\n","protected":false},"excerpt":{"rendered":"<p>De acuerdo al Decreto de Necesidad y Urgencia 297\/2.020 emitido el jueves\u00a0 por el Gobierno Nacional estableciendo el aislamiento social preventivo &#8230;<\/p>\n","protected":false},"author":8,"featured_media":66524,"comment_status":"open","ping_status":"open","sticky":false,"template":"","format":"standard","meta":{"footnotes":""},"categories":[5],"tags":[],"class_list":["post-66523","post","type-post","status-publish","format-standard","has-post-thumbnail","hentry","category-actualidad"],"_links":{"self":[{"href":"https:\/\/vinasfm.com\/noticias\/wp-json\/wp\/v2\/posts\/66523","targetHints":{"allow":["GET"]}}],"collection":[{"href":"https:\/\/vinasfm.com\/noticias\/wp-json\/wp\/v2\/posts"}],"about":[{"href":"https:\/\/vinasfm.com\/noticias\/wp-json\/wp\/v2\/types\/post"}],"author":[{"embeddable":true,"href":"https:\/\/vinasfm.com\/noticias\/wp-json\/wp\/v2\/users\/8"}],"replies":[{"embeddable":true,"href":"https:\/\/vinasfm.com\/noticias\/wp-json\/wp\/v2\/comments?post=66523"}],"version-history":[{"count":1,"href":"https:\/\/vinasfm.com\/noticias\/wp-json\/wp\/v2\/posts\/66523\/revisions"}],"predecessor-version":[{"id":66532,"href":"https:\/\/vinasfm.com\/noticias\/wp-json\/wp\/v2\/posts\/66523\/revisions\/66532"}],"wp:featuredmedia":[{"embeddable":true,"href":"https:\/\/vinasfm.com\/noticias\/wp-json\/wp\/v2\/media\/66524"}],"wp:attachment":[{"href":"https:\/\/vinasfm.com\/noticias\/wp-json\/wp\/v2\/media?parent=66523"}],"wp:term":[{"taxonomy":"category","embeddable":true,"href":"https:\/\/vinasfm.com\/noticias\/wp-json\/wp\/v2\/categories?post=66523"},{"taxonomy":"post_tag","embeddable":true,"href":"https:\/\/vinasfm.com\/noticias\/wp-json\/wp\/v2\/tags?post=66523"}],"curies":[{"name":"wp","href":"https:\/\/api.w.org\/{rel}","templated":true}]}}