{"id":66492,"date":"2020-03-20T09:23:58","date_gmt":"2020-03-20T12:23:58","guid":{"rendered":"http:\/\/vinasfm.com\/noticias\/?p=66492"},"modified":"2020-03-20T11:40:18","modified_gmt":"2020-03-20T14:40:18","slug":"cuarentena-que-pasa-con-la-cosecha-y-bodegas","status":"publish","type":"post","link":"https:\/\/vinasfm.com\/noticias\/cuarentena-que-pasa-con-la-cosecha-y-bodegas\/","title":{"rendered":"CUARENTENA: \u00bfQU\u00c9 PASA CON LA COSECHA Y BODEGAS?"},"content":{"rendered":"<h4><strong>Si bien Alberto Fern\u00e1ndez estableci\u00f3 el \u201caislamiento social, preventivo y obligatorio\u201d, desde la medianoche de este viernes hasta el 31 de marzo inclusive, en su conferencia de prensa tambi\u00e9n adelant\u00f3 que algunas actividades y servicios quedan exceptuadas por considerarse \u201cesenciales\u201d.<\/strong><\/h4>\n<p>Dentro de ellas est\u00e1n enmarcadas las \u201c<strong><em>Actividades vinculadas con la producci\u00f3n, distribuci\u00f3n y comercializaci\u00f3n agropecuaria y de pesca\u201d.\u00a0<\/em><\/strong>Obviamente se deber\u00e1n seguir una serie de medidas para finalizar la vendimia de la mejor manera posible.<\/p>\n<ul>\n<li>Al trasladarse a la finca trate de hacerlo guardando una distancia prudencial con las personas que lo rodean.<\/li>\n<li>Se recomienda que cada cosechador se traslade a la finca por sus propios medios y evitando aglomeraciones.<\/li>\n<\/ul>\n<p><img loading=\"lazy\" decoding=\"async\" class=\"size-medium wp-image-66517 alignleft\" src=\"http:\/\/vinasfm.com\/noticias\/wp-content\/uploads\/2020\/03\/3da861b5-a6ba-485f-90a1-f3deee0b44e2-300x168.jpg\" alt=\"\" width=\"300\" height=\"168\" srcset=\"https:\/\/vinasfm.com\/noticias\/wp-content\/uploads\/2020\/03\/3da861b5-a6ba-485f-90a1-f3deee0b44e2-300x168.jpg 300w, https:\/\/vinasfm.com\/noticias\/wp-content\/uploads\/2020\/03\/3da861b5-a6ba-485f-90a1-f3deee0b44e2-1024x575.jpg 1024w, https:\/\/vinasfm.com\/noticias\/wp-content\/uploads\/2020\/03\/3da861b5-a6ba-485f-90a1-f3deee0b44e2-768x431.jpg 768w, https:\/\/vinasfm.com\/noticias\/wp-content\/uploads\/2020\/03\/3da861b5-a6ba-485f-90a1-f3deee0b44e2-360x200.jpg 360w, https:\/\/vinasfm.com\/noticias\/wp-content\/uploads\/2020\/03\/3da861b5-a6ba-485f-90a1-f3deee0b44e2-750x420.jpg 750w, https:\/\/vinasfm.com\/noticias\/wp-content\/uploads\/2020\/03\/3da861b5-a6ba-485f-90a1-f3deee0b44e2.jpg 1040w\" sizes=\"auto, (max-width: 300px) 100vw, 300px\" \/><\/p>\n<p><strong>En la finca:<\/strong><\/p>\n<ul>\n<li>Evitar acercarse demasiado a otras personas, antes y despu\u00e9s de la vendimia, reduciendo al m\u00e1ximo todo tipo de contacto.<\/li>\n<li>Evitar compartir elementos de cosecha como tijeras, guantes, gancheras y tachos. En caso de que esto no fuera posible, tratar de lavarlos o desinfectarlos previamente.<\/li>\n<li>Es importante evitar compartir la cabina del cami\u00f3n y otros habit\u00e1culos cerrados.<\/li>\n<li>Evitar el uso de fichas, realizar los registros en cuadernos, destinando a cada cosechador tachos independientes. Si esto no es posible tratar de desinfectarlas antes de una nueva jornada.<\/li>\n<li>Durante este periodo de tiempo se recomienda no compartir mates, tel\u00e9fonos, vasos, cubiertos, tazas, etc.<\/li>\n<li>\u00a0Cada uno debe disponer de agua en forma individual para refrescarse.<\/li>\n<li>Es necesario que durante la espera del camionero en la finca se respete una distancia prudencial con las dem\u00e1s personas.<\/li>\n<li>Una vez finalizada la vendimia lavar los elementos de cosecha. &#x1f7e2;Lavarse bien las manos todas las veces que sea posible. Al regresar a los domicilios lavar la ropa utilizada en la cosecha.<\/li>\n<\/ul>\n<p><strong>En la bodega:<\/strong><\/p>\n<ul>\n<li>Coordinar ingresos y egresos de camiones para evitar congestiones.<\/li>\n<li>Es importante que el camionero se traslade solo sin acompa\u00f1ante, y realice la espera en su cami\u00f3n hasta recibir las indicaciones del personal correspondiente.<\/li>\n<li>Evitar la congesti\u00f3n de personas en la b\u00e1scula.<\/li>\n<li>Se recomienda no compartir radios o tel\u00e9fonos para solicitar el llamado de camiones.<\/li>\n<li>Evitar compartir mates, vasos, cubiertos, tasas, etc.<\/li>\n<\/ul>\n<p>En todos los casos es fundamental mantener una distancia prudencial entre las personas y lavarse las manos todas las veces que sea posible.\u00a0Si nos cuidamos estamos protegiendo a nuestras familias, que nos esperan al final de cada jornada.<\/p>\n<h5><strong><em>A.C.<\/em><\/strong><\/h5>\n","protected":false},"excerpt":{"rendered":"<p>Si bien Alberto Fern\u00e1ndez estableci\u00f3 el \u201caislamiento social, preventivo y obligatorio\u201d, desde la medianoche de este viernes hasta el 31 de &#8230;<\/p>\n","protected":false},"author":7,"featured_media":66518,"comment_status":"open","ping_status":"open","sticky":false,"template":"","format":"standard","meta":{"footnotes":""},"categories":[1],"tags":[],"class_list":["post-66492","post","type-post","status-publish","format-standard","has-post-thumbnail","hentry","category-fmvinas"],"_links":{"self":[{"href":"https:\/\/vinasfm.com\/noticias\/wp-json\/wp\/v2\/posts\/66492","targetHints":{"allow":["GET"]}}],"collection":[{"href":"https:\/\/vinasfm.com\/noticias\/wp-json\/wp\/v2\/posts"}],"about":[{"href":"https:\/\/vinasfm.com\/noticias\/wp-json\/wp\/v2\/types\/post"}],"author":[{"embeddable":true,"href":"https:\/\/vinasfm.com\/noticias\/wp-json\/wp\/v2\/users\/7"}],"replies":[{"embeddable":true,"href":"https:\/\/vinasfm.com\/noticias\/wp-json\/wp\/v2\/comments?post=66492"}],"version-history":[{"count":2,"href":"https:\/\/vinasfm.com\/noticias\/wp-json\/wp\/v2\/posts\/66492\/revisions"}],"predecessor-version":[{"id":66520,"href":"https:\/\/vinasfm.com\/noticias\/wp-json\/wp\/v2\/posts\/66492\/revisions\/66520"}],"wp:featuredmedia":[{"embeddable":true,"href":"https:\/\/vinasfm.com\/noticias\/wp-json\/wp\/v2\/media\/66518"}],"wp:attachment":[{"href":"https:\/\/vinasfm.com\/noticias\/wp-json\/wp\/v2\/media?parent=66492"}],"wp:term":[{"taxonomy":"category","embeddable":true,"href":"https:\/\/vinasfm.com\/noticias\/wp-json\/wp\/v2\/categories?post=66492"},{"taxonomy":"post_tag","embeddable":true,"href":"https:\/\/vinasfm.com\/noticias\/wp-json\/wp\/v2\/tags?post=66492"}],"curies":[{"name":"wp","href":"https:\/\/api.w.org\/{rel}","templated":true}]}}