{"id":66476,"date":"2020-03-20T09:10:09","date_gmt":"2020-03-20T12:10:09","guid":{"rendered":"http:\/\/vinasfm.com\/noticias\/?p=66476"},"modified":"2020-03-20T09:14:32","modified_gmt":"2020-03-20T12:14:32","slug":"desde-la-union-s-r-l-alexander-majstruk-explico-como-funcionara-el-servicio-de-transporte","status":"publish","type":"post","link":"https:\/\/vinasfm.com\/noticias\/desde-la-union-s-r-l-alexander-majstruk-explico-como-funcionara-el-servicio-de-transporte\/","title":{"rendered":"DESDE LA UNI\u00d3N S.R.L. ALEXANDER MAJSTRUK EXPLIC\u00d3 C\u00d3MO FUNCIONAR\u00c1 EL SERVICIO DE TRANSPORTE"},"content":{"rendered":"<h4><strong>\u00a0<\/strong><strong>En la ma\u00f1ana de este jueves, un colectivo de la empresa La Uni\u00f3n S.R.L., frecuencia Buenos Aires-Alvear-San Rafael, debi\u00f3 cambiar su itinerario y fijar camino por Ruta 143 Sur. Al respecto uno de los titulares de la firma local, Alexander Majstruk, \u00a0expres\u00f3 las dificultades que representa esta medida de la vecina provincia y los recaudos sanitarios que han adoptado para mitigar la propagaci\u00f3n del Coronavirus.<\/strong><\/h4>\n<p>Tras conocerse de decisi\u00f3n del Gobierno de la Provincia de San Luis de cerrar varias de sus \u201cfronteras\u201d, las que al oeste conectan con Mendoza, las l\u00edneas de trasportes se vieron afectadas en el transcurso de este jueves. Permanece <strong>cerrado el paso denominado \u201cBajada Nueva\u201d, que vincula la zona de General Alvear con la localidad de Uni\u00f3n en San Luis, lo que complica el paso de aquellos que tengan intenci\u00f3n de viajar de Buenos Aires por la Ruta 188<\/strong>.<\/p>\n<p>\u201c<em>Hoy tuvimos que desviar por Santa Isabel y entrar por Cochic\u00f3 a la provincia por Ruta 143. Esta noche (jueves) es el \u00faltimo viaje desde Buenos Aires a Alvear y ya no est\u00e1n saliendo desde San Rafael a Buenos Aires<\/em>\u201d, explic\u00f3 Majstruk a <strong>F.M. Vi\u00f1as<\/strong>.<\/p>\n<p>Adem\u00e1s destac\u00f3 que solo trasportar\u00e1n \u201c<strong><em>gente que tenga domicilio en la provincia de Mendoza<\/em><\/strong><em> para evitar todo este tipo de problemas y es razonable. No trasgredimos las normas pero b\u00e1sicamente estamos en una encrucijada porque la responsabilidad nuestra es brindarle el servicio de viaje para que llegue a su domicilio a hacer la cuarenta o asilamiento que establece el decreto provincial<\/em>\u201d.<\/p>\n<p>La suspensi\u00f3n del <strong>servicio de larga distancia<\/strong> obedece al cumplimiento de las medidas emanadas por el gobierno provincial \u00a0y dispusieron que <strong>los choferes de las unidades realicen el asilamiento correspondiente<\/strong>: \u201c<strong><em>Suspendimos los servicios por 15 d\u00edas ya que el personal queda afectado en la cuarentena<\/em><\/strong><em>. Es un recurso que tiene la empresa y lamentablemente hemos tenido que quedarnos sin ese recurso en son de traer a los pasajeros de los distintos lugares a la provincia<\/em>\u201d, manifest\u00f3.<\/p>\n<p>En cuanto al <strong>servicio Alvear-Mendoza<\/strong>, indic\u00f3 que \u201c<strong><em>quedaron todos suspendidos hasta nuevo aviso<\/em><\/strong><em>. La gran parte de la poblaci\u00f3n alvearense ya est\u00e1 en el departamento por lo que no hay gran cantidad de afluencia de pasajeros. <strong>Hemos ido midiendo las necesidades de la gente<\/strong> para satisfacerlas y brindar el servicio correspondiente\u201d<\/em>.<\/p>\n<p>El <strong>servicio local<\/strong> tambi\u00e9n se ver\u00e1 resentido: \u201c<em>Lo estamos prestando con los horarios del d\u00eda domingo, con una reducci\u00f3n de frecuencia del 25 a 30% de un d\u00eda h\u00e1bil. Hemos dispuesto que en la ma\u00f1ana temprano pondremos alg\u00fan refuerzo para que todos los pasajeros vayan sentados<\/em>\u201d, agreg\u00f3 el empresario.<\/p>\n<p>Siguiendo la misma l\u00ednea dispuesta por el Gobierno, se configur\u00f3 el protocolo de desinfecci\u00f3n mensual pas\u00e1ndose a realizar a diario en todas las unidades con personas especializadas.<\/p>\n<h5><em>F.B.<\/em><\/h5>\n","protected":false},"excerpt":{"rendered":"<p>\u00a0En la ma\u00f1ana de este jueves, un colectivo de la empresa La Uni\u00f3n S.R.L., frecuencia Buenos Aires-Alvear-San Rafael, debi\u00f3 cambiar su &#8230;<\/p>\n","protected":false},"author":8,"featured_media":66477,"comment_status":"open","ping_status":"open","sticky":false,"template":"","format":"standard","meta":{"footnotes":""},"categories":[1],"tags":[],"class_list":["post-66476","post","type-post","status-publish","format-standard","has-post-thumbnail","hentry","category-fmvinas"],"_links":{"self":[{"href":"https:\/\/vinasfm.com\/noticias\/wp-json\/wp\/v2\/posts\/66476","targetHints":{"allow":["GET"]}}],"collection":[{"href":"https:\/\/vinasfm.com\/noticias\/wp-json\/wp\/v2\/posts"}],"about":[{"href":"https:\/\/vinasfm.com\/noticias\/wp-json\/wp\/v2\/types\/post"}],"author":[{"embeddable":true,"href":"https:\/\/vinasfm.com\/noticias\/wp-json\/wp\/v2\/users\/8"}],"replies":[{"embeddable":true,"href":"https:\/\/vinasfm.com\/noticias\/wp-json\/wp\/v2\/comments?post=66476"}],"version-history":[{"count":1,"href":"https:\/\/vinasfm.com\/noticias\/wp-json\/wp\/v2\/posts\/66476\/revisions"}],"predecessor-version":[{"id":66479,"href":"https:\/\/vinasfm.com\/noticias\/wp-json\/wp\/v2\/posts\/66476\/revisions\/66479"}],"wp:featuredmedia":[{"embeddable":true,"href":"https:\/\/vinasfm.com\/noticias\/wp-json\/wp\/v2\/media\/66477"}],"wp:attachment":[{"href":"https:\/\/vinasfm.com\/noticias\/wp-json\/wp\/v2\/media?parent=66476"}],"wp:term":[{"taxonomy":"category","embeddable":true,"href":"https:\/\/vinasfm.com\/noticias\/wp-json\/wp\/v2\/categories?post=66476"},{"taxonomy":"post_tag","embeddable":true,"href":"https:\/\/vinasfm.com\/noticias\/wp-json\/wp\/v2\/tags?post=66476"}],"curies":[{"name":"wp","href":"https:\/\/api.w.org\/{rel}","templated":true}]}}