{"id":66450,"date":"2020-03-19T19:45:33","date_gmt":"2020-03-19T22:45:33","guid":{"rendered":"http:\/\/vinasfm.com\/noticias\/?p=66450"},"modified":"2020-03-19T19:46:19","modified_gmt":"2020-03-19T22:46:19","slug":"suarez-con-marcolini-y-felix-coordino-medidas-hablo-de-la-cosecha-y-opino-sobre-la-cuarentena-absoluta","status":"publish","type":"post","link":"https:\/\/vinasfm.com\/noticias\/suarez-con-marcolini-y-felix-coordino-medidas-hablo-de-la-cosecha-y-opino-sobre-la-cuarentena-absoluta\/","title":{"rendered":"SU\u00c1REZ CON MARCOLINI Y F\u00c9LIX: COORDIN\u00d3 MEDIDAS, HABL\u00d3 DE LA COSECHA Y OPIN\u00d3 SOBRE LA CUARENTENA ABSOLUTA"},"content":{"rendered":"<h5><strong>De las distintas reuniones, entre otros, participaron \u00a0Emir F\u00e9lix de San Rafael y Walther Marcolini de General Alvear, junto a \u00a0la ministra de Salud, Desarrollo Social y Deportes, Ana Mar\u00eda Nadal. Cabe destacar que el jefe comunal de Malarg\u00fce, Juan Manuel Ojeda, se encuentra transitando su aislamiento debido a que viaj\u00f3 a Buenos Aires y la disposici\u00f3n provincial lo obliga a aislarse por 14 d\u00edas.<\/strong><\/h5>\n<p>Consultado sobre el rumor de que la Naci\u00f3n anunciar\u00eda la\u00a0<strong>cuarentena absoluta en el territorio nacional<\/strong>, Suarez aclar\u00f3: \u201c<em>Esta tarde me re\u00fano por teleconferencia con el presidente Fern\u00e1ndez.\u00a0<strong>Le voy a pedir que en Mendoza no haya cuarentena absoluta porque tenemos que levantar la cosecha extremando cuidados<\/strong>. Sabemos que se puede llevar adelante son riesgos y no podemos perder esa actividad econ\u00f3mica,\u00a0<strong>estamos trabajando para mejorar el traslado de cosechadores a las fincas y les daremos protecci\u00f3n especial<\/strong>\u201d.<\/em><\/p>\n<p>A su vez\u00a0 Su\u00e1rez asever\u00f3: \u201c<em>Saber cu\u00e1ndo va entrar el virus es imposible, hemos sido muy precavidos tomando medidas necesarias y les pedimos por favor a los ciudadanos que hagan aislamiento y cumplan todas las medias de la Organizaci\u00f3n Mundial de la Salud, como el lavado de manos, limpieza de superficies, estornudar en el codo y sobre todo asilarse<\/em>\u201d.<\/p>\n<p>Con respecto\u00a0 a su visita al sur provincial, Suarez dijo: \u201c<em>Esta fue una reuni\u00f3n de trabajo. La idea de venir ac\u00e1 al Sur es para estar cerca de todos ustedes, para trabajar en la prevenci\u00f3n de este flagelo y tomar todas las medidas necesarias. Todos sabemos que hay dos etapas en la evoluci\u00f3n de esta enfermedad. La primera es la de contenci\u00f3n y por esta transita Mendoza, ya que hemos tomado todas medidas necesarias al respecto para que el virus no ingrese a la provincia\u00bb<\/em>.<\/p>\n<p>Luego,\u00a0 agreg\u00f3: \u201c<em>Tambi\u00e9n nos estamos preparando para la segunda etapa, que es la de mitigaci\u00f3n. Estamos haciendo una evaluaci\u00f3n de la infraestructura de salud en todo el territorio y de c\u00f3mo vamos a trabajar en la log\u00edstica en la zona Sur. Vamos ir viendo d\u00eda a d\u00eda c\u00f3mo evoluciona esto, pero de nuestra parte pondremos todo para poder ayudar a la poblaci\u00f3n<\/em>\u201d.<\/p>\n<h5><em>F.B.<\/em><\/h5>\n","protected":false},"excerpt":{"rendered":"<p>De las distintas reuniones, entre otros, participaron \u00a0Emir F\u00e9lix de San Rafael y Walther Marcolini de General Alvear, junto a \u00a0la &#8230;<\/p>\n","protected":false},"author":8,"featured_media":66451,"comment_status":"open","ping_status":"open","sticky":false,"template":"","format":"standard","meta":{"footnotes":""},"categories":[5,62],"tags":[],"class_list":["post-66450","post","type-post","status-publish","format-standard","has-post-thumbnail","hentry","category-actualidad","category-coronavirus"],"_links":{"self":[{"href":"https:\/\/vinasfm.com\/noticias\/wp-json\/wp\/v2\/posts\/66450","targetHints":{"allow":["GET"]}}],"collection":[{"href":"https:\/\/vinasfm.com\/noticias\/wp-json\/wp\/v2\/posts"}],"about":[{"href":"https:\/\/vinasfm.com\/noticias\/wp-json\/wp\/v2\/types\/post"}],"author":[{"embeddable":true,"href":"https:\/\/vinasfm.com\/noticias\/wp-json\/wp\/v2\/users\/8"}],"replies":[{"embeddable":true,"href":"https:\/\/vinasfm.com\/noticias\/wp-json\/wp\/v2\/comments?post=66450"}],"version-history":[{"count":1,"href":"https:\/\/vinasfm.com\/noticias\/wp-json\/wp\/v2\/posts\/66450\/revisions"}],"predecessor-version":[{"id":66452,"href":"https:\/\/vinasfm.com\/noticias\/wp-json\/wp\/v2\/posts\/66450\/revisions\/66452"}],"wp:featuredmedia":[{"embeddable":true,"href":"https:\/\/vinasfm.com\/noticias\/wp-json\/wp\/v2\/media\/66451"}],"wp:attachment":[{"href":"https:\/\/vinasfm.com\/noticias\/wp-json\/wp\/v2\/media?parent=66450"}],"wp:term":[{"taxonomy":"category","embeddable":true,"href":"https:\/\/vinasfm.com\/noticias\/wp-json\/wp\/v2\/categories?post=66450"},{"taxonomy":"post_tag","embeddable":true,"href":"https:\/\/vinasfm.com\/noticias\/wp-json\/wp\/v2\/tags?post=66450"}],"curies":[{"name":"wp","href":"https:\/\/api.w.org\/{rel}","templated":true}]}}