{"id":66448,"date":"2020-03-20T10:00:19","date_gmt":"2020-03-20T13:00:19","guid":{"rendered":"http:\/\/vinasfm.com\/noticias\/?p=66448"},"modified":"2020-03-21T09:59:57","modified_gmt":"2020-03-21T12:59:57","slug":"la-camara-de-comercio-plantea-medidas-para-evitar-el-impacto-socio-economico","status":"publish","type":"post","link":"https:\/\/vinasfm.com\/noticias\/la-camara-de-comercio-plantea-medidas-para-evitar-el-impacto-socio-economico\/","title":{"rendered":"LA C\u00c1MARA DE COMERCIO PLANTEA MEDIDAS PARA EVITAR EL IMPACTO SOCIO-ECON\u00d3MICO"},"content":{"rendered":"<h5><strong>Desde la C\u00e1mara de Comercio de General Alvear emitieron un comunicado destinado a socios y allegados a la entidad informando la b\u00fasqueda de medidas consensuadas con el sector p\u00fablico para contrarrestar el impacto econ\u00f3mico y social de la profunda crisis que atravesamos como consecuencia de Covid19.<\/strong><\/h5>\n<p>Algunas de estas solicitudes propuestas por la instituci\u00f3n son las siguientes:<\/p>\n<p>1- Nota a Presidente de la Naci\u00f3n y Gobernador, solicitando:<\/p>\n<ul>\n<li>Suspensi\u00f3n de obligaciones tributarias<\/li>\n<li>Financiamiento a tasa 0<\/li>\n<li>Medidas para sostenimiento de empleo<\/li>\n<li>Suspensi\u00f3n de pago de servicios<\/li>\n<\/ul>\n<p>2- Pedido de consideraci\u00f3n a locatarios de locales comerciales.<\/p>\n<p>3- Vinculaci\u00f3n con el municipio (estamos en comunicaci\u00f3n directa con el Intendente), otras C\u00e1maras y entidades intermedias provinciales, nacionales y legisladores para sumarse a nuestros pedidos y lograr el mayor alcance posible.<\/p>\n<p>4- Difusi\u00f3n en todos los medios de comunicaci\u00f3n y redes sociales de las medidas solicitadas.<\/p>\n<p>5- Se solicita al Sr Gobernador eximir a los 3 departamentos del sur del decreto 393, que regula el horario de comercio para que el mismo se adapte a la idiosincrasia de nuestros departamentos<\/p>\n<h5><em>F.B.<\/em><\/h5>\n","protected":false},"excerpt":{"rendered":"<p>Desde la C\u00e1mara de Comercio de General Alvear emitieron un comunicado destinado a socios y allegados a la entidad informando la &#8230;<\/p>\n","protected":false},"author":8,"featured_media":44262,"comment_status":"open","ping_status":"open","sticky":false,"template":"","format":"standard","meta":{"footnotes":""},"categories":[5,32],"tags":[],"class_list":["post-66448","post","type-post","status-publish","format-standard","has-post-thumbnail","hentry","category-actualidad","category-camara-de-comercio"],"_links":{"self":[{"href":"https:\/\/vinasfm.com\/noticias\/wp-json\/wp\/v2\/posts\/66448","targetHints":{"allow":["GET"]}}],"collection":[{"href":"https:\/\/vinasfm.com\/noticias\/wp-json\/wp\/v2\/posts"}],"about":[{"href":"https:\/\/vinasfm.com\/noticias\/wp-json\/wp\/v2\/types\/post"}],"author":[{"embeddable":true,"href":"https:\/\/vinasfm.com\/noticias\/wp-json\/wp\/v2\/users\/8"}],"replies":[{"embeddable":true,"href":"https:\/\/vinasfm.com\/noticias\/wp-json\/wp\/v2\/comments?post=66448"}],"version-history":[{"count":1,"href":"https:\/\/vinasfm.com\/noticias\/wp-json\/wp\/v2\/posts\/66448\/revisions"}],"predecessor-version":[{"id":66449,"href":"https:\/\/vinasfm.com\/noticias\/wp-json\/wp\/v2\/posts\/66448\/revisions\/66449"}],"wp:featuredmedia":[{"embeddable":true,"href":"https:\/\/vinasfm.com\/noticias\/wp-json\/wp\/v2\/media\/44262"}],"wp:attachment":[{"href":"https:\/\/vinasfm.com\/noticias\/wp-json\/wp\/v2\/media?parent=66448"}],"wp:term":[{"taxonomy":"category","embeddable":true,"href":"https:\/\/vinasfm.com\/noticias\/wp-json\/wp\/v2\/categories?post=66448"},{"taxonomy":"post_tag","embeddable":true,"href":"https:\/\/vinasfm.com\/noticias\/wp-json\/wp\/v2\/tags?post=66448"}],"curies":[{"name":"wp","href":"https:\/\/api.w.org\/{rel}","templated":true}]}}