{"id":66428,"date":"2020-03-19T15:42:42","date_gmt":"2020-03-19T18:42:42","guid":{"rendered":"http:\/\/vinasfm.com\/noticias\/?p=66428"},"modified":"2020-03-20T09:16:07","modified_gmt":"2020-03-20T12:16:07","slug":"san-luis-cerro-varias-de-sus-fronteras-por-el-coronavirus","status":"publish","type":"post","link":"https:\/\/vinasfm.com\/noticias\/san-luis-cerro-varias-de-sus-fronteras-por-el-coronavirus\/","title":{"rendered":"SAN LUIS CERR\u00d3 VARIAS DE SUS FRONTERAS POR EL CORONAVIRUS"},"content":{"rendered":"<h4><strong>Fue otra medida dispuesta por el Gobierno y comunicada anoche por Alberto Rodr\u00edguez Sa\u00e1. Quedar\u00e1n abiertos los accesos m\u00e1s importantes pero advierten que habr\u00e1 controles con los ingresos de extranjeros. Detall\u00f3 que solo quedar\u00e1n habilitados \u201clos principales puestos\u201d de la provincia.<\/strong><\/h4>\n<p>La medida dispuesta por el Gobierno de San Luis plantea que quedar\u00e1n abiertos los accesos m\u00e1s importantes, aunque habr\u00e1 controles con el ingreso de extranjeros.<\/p>\n<p>De esta manera, solo quedar\u00e1n habilitados \u201clos principales puestos\u201d de la provincia y quienes quieran ingresar \u201cdeber\u00e1n presentar la documentaci\u00f3n correspondiente del veh\u00edculo y acreditar la identidad de quienes pretenden ingresar a la provincia\u201d.<\/p>\n<p><img loading=\"lazy\" decoding=\"async\" class=\"size-medium wp-image-66433 alignleft\" src=\"http:\/\/vinasfm.com\/noticias\/wp-content\/uploads\/2020\/03\/multimedia.normal.a8ccae930359ba0f.53414e204c554953204349455252452046524f4e54455241535f6e6f726d616c2e6a7067-281x300.jpg\" alt=\"\" width=\"281\" height=\"300\" srcset=\"https:\/\/vinasfm.com\/noticias\/wp-content\/uploads\/2020\/03\/multimedia.normal.a8ccae930359ba0f.53414e204c554953204349455252452046524f4e54455241535f6e6f726d616c2e6a7067-281x300.jpg 281w, https:\/\/vinasfm.com\/noticias\/wp-content\/uploads\/2020\/03\/multimedia.normal.a8ccae930359ba0f.53414e204c554953204349455252452046524f4e54455241535f6e6f726d616c2e6a7067-768x820.jpg 768w, https:\/\/vinasfm.com\/noticias\/wp-content\/uploads\/2020\/03\/multimedia.normal.a8ccae930359ba0f.53414e204c554953204349455252452046524f4e54455241535f6e6f726d616c2e6a7067.jpg 899w\" sizes=\"auto, (max-width: 281px) 100vw, 281px\" \/><\/p>\n<p>Entre Mendoza y San Luis existen tres pasos terrestres y dos de ellos estar\u00e1n cerrados. Es que el paso que existe entre San Rafael y la provincia puntana por la Ruta 153 estar\u00e1 interrumpido a la altura de La Horqueta, por lo que ser\u00e1 imposible pasar por ese trayecto al menos por unos d\u00edas m\u00e1s.<\/p>\n<p>Tambi\u00e9n <strong>permanece cerrado el paso denominado \u201cBajada Nueva\u201d, que vincula la zona de General Alvear con la localidad de Uni\u00f3n en San Luis, lo que puede complicar el paso de aquellos que tengan intenci\u00f3n de viajar a Buenos Aires por la Ruta 188<\/strong>.<\/p>\n<p>La \u00fanica forma de llegar de Mendoza a San Luis es usar el paso Desaguadero, que se encuentra sobre la traza de la Ruta Nacional 7 y absorber\u00e1 todo el tr\u00e1fico interprovincial.<\/p>\n<p>\u201c<em>Quienes quieran ingresar deber\u00e1n presentar la documentaci\u00f3n correspondiente del veh\u00edculo, y acreditar la identidad de quienes pretenden ingresar a la provincia<\/em>\u201d, indic\u00f3 el gobernador Rodriguez Sa\u00e1 en relaci\u00f3n al bloqueo de los caminos puntanos. Al mismo tiempo asegur\u00f3 que se prohibir\u00e1 el acceso a extranjeros que llegaron al pa\u00eds \u201c<em>en los \u00faltimos 14 d\u00edas corridos<\/em>\u201d.<\/p>\n<p>Solicit\u00f3 \u201cpaciencia\u201d ya que los operativos podr\u00edan generar demoras en los ingresos que conectan a la provincia con Mendoza, C\u00f3rdoba, San Juan y La Pampa.<\/p>\n<div id=\"attachment_66429\" style=\"width: 455px\" class=\"wp-caption aligncenter\"><img loading=\"lazy\" decoding=\"async\" aria-describedby=\"caption-attachment-66429\" class=\" wp-image-66429\" src=\"http:\/\/vinasfm.com\/noticias\/wp-content\/uploads\/2020\/03\/cb7546e7-ce6f-42e1-908a-e04391c5eff9-231x300.jpg\" alt=\"\" width=\"455\" height=\"591\" srcset=\"https:\/\/vinasfm.com\/noticias\/wp-content\/uploads\/2020\/03\/cb7546e7-ce6f-42e1-908a-e04391c5eff9-231x300.jpg 231w, https:\/\/vinasfm.com\/noticias\/wp-content\/uploads\/2020\/03\/cb7546e7-ce6f-42e1-908a-e04391c5eff9.jpg 720w\" sizes=\"auto, (max-width: 455px) 100vw, 455px\" \/><p id=\"caption-attachment-66429\" class=\"wp-caption-text\">Queda bloqueada a partir de las cero horas para todo tipo de veh\u00edculos, desde la provincia de San Luis, por tiempo indefinido. La opci\u00f3n para viajar a Buenos Aires es cruzar por El Desaguadero (Ruta 7).<\/p><\/div>\n<h5><em>F.B.<\/em><\/h5>\n","protected":false},"excerpt":{"rendered":"<p>Fue otra medida dispuesta por el Gobierno y comunicada anoche por Alberto Rodr\u00edguez Sa\u00e1. Quedar\u00e1n abiertos los accesos m\u00e1s importantes pero &#8230;<\/p>\n","protected":false},"author":8,"featured_media":66493,"comment_status":"open","ping_status":"open","sticky":false,"template":"","format":"standard","meta":{"footnotes":""},"categories":[1],"tags":[],"class_list":["post-66428","post","type-post","status-publish","format-standard","has-post-thumbnail","hentry","category-fmvinas"],"_links":{"self":[{"href":"https:\/\/vinasfm.com\/noticias\/wp-json\/wp\/v2\/posts\/66428","targetHints":{"allow":["GET"]}}],"collection":[{"href":"https:\/\/vinasfm.com\/noticias\/wp-json\/wp\/v2\/posts"}],"about":[{"href":"https:\/\/vinasfm.com\/noticias\/wp-json\/wp\/v2\/types\/post"}],"author":[{"embeddable":true,"href":"https:\/\/vinasfm.com\/noticias\/wp-json\/wp\/v2\/users\/8"}],"replies":[{"embeddable":true,"href":"https:\/\/vinasfm.com\/noticias\/wp-json\/wp\/v2\/comments?post=66428"}],"version-history":[{"count":2,"href":"https:\/\/vinasfm.com\/noticias\/wp-json\/wp\/v2\/posts\/66428\/revisions"}],"predecessor-version":[{"id":66437,"href":"https:\/\/vinasfm.com\/noticias\/wp-json\/wp\/v2\/posts\/66428\/revisions\/66437"}],"wp:featuredmedia":[{"embeddable":true,"href":"https:\/\/vinasfm.com\/noticias\/wp-json\/wp\/v2\/media\/66493"}],"wp:attachment":[{"href":"https:\/\/vinasfm.com\/noticias\/wp-json\/wp\/v2\/media?parent=66428"}],"wp:term":[{"taxonomy":"category","embeddable":true,"href":"https:\/\/vinasfm.com\/noticias\/wp-json\/wp\/v2\/categories?post=66428"},{"taxonomy":"post_tag","embeddable":true,"href":"https:\/\/vinasfm.com\/noticias\/wp-json\/wp\/v2\/tags?post=66428"}],"curies":[{"name":"wp","href":"https:\/\/api.w.org\/{rel}","templated":true}]}}