{"id":66423,"date":"2020-03-19T08:21:10","date_gmt":"2020-03-19T11:21:10","guid":{"rendered":"http:\/\/vinasfm.com\/noticias\/?p=66423"},"modified":"2020-03-20T09:24:28","modified_gmt":"2020-03-20T12:24:28","slug":"reduccion-el-transporte-publico-de-pasajeros-como-funciona","status":"publish","type":"post","link":"https:\/\/vinasfm.com\/noticias\/reduccion-el-transporte-publico-de-pasajeros-como-funciona\/","title":{"rendered":"REDUCCI\u00d3N DEL TRANSPORTE P\u00daBLICO DE PASAJEROS: \u00bfC\u00d3MO FUNCIONA?"},"content":{"rendered":"<p><strong>Ante la expansi\u00f3n del coronavirus y la necesidad de contenerlo, uno de las principales medidas tiene que ver con la reducci\u00f3n del transporte p\u00fablico de pasajeros.<\/strong><\/p>\n<p>En lo que respecta a las l\u00edneas de <strong>colectivos locales,<\/strong> desde este jueves 19 f<strong>uncionan como d\u00eda domingo hasta nuevo aviso.<\/strong><\/p>\n<p>En un comunicado emitido por la empresa La Uni\u00f3n SRL indic\u00f3 que desde el 19\/03 l<strong>a l\u00ednea Bowen \u2013 San Rafael, queda suspendida<\/strong>. En el caso de<strong> Bowen \u2013 Mendoza<\/strong>, desde la localidad del este saldr\u00e1 \u00fanicamente a las 3<strong>:00 hora<\/strong>s y desde la capital provincial a las <strong>13:30 horas.<\/strong> <strong>Hacia Buenos Aires, suspensi\u00f3n de la l\u00ednea desde el 19\/03 hasta el 14 de abril.<\/strong><\/p>\n<p><strong>El resto de las empresas, hasta el momento, funcionan con normalidad, aunque no se sabe que pasara con los recorridos dentro del territorio de la provincia en los pr\u00f3ximos d\u00edas.<\/strong><\/p>\n<p>Por resoluci\u00f3n del Gobierno Nacional d<strong>esde el s\u00e1bado 21 al martes 24, todos los recorridos de larga distancia quedar\u00e1n suspendidos.<\/strong><\/p>\n<p><strong>Vale destacar que la informaci\u00f3n puede modificarse minuto a minuto.<\/strong><\/p>\n<h5><strong><em>A.C.<\/em><\/strong><\/h5>\n","protected":false},"excerpt":{"rendered":"<p>Ante la expansi\u00f3n del coronavirus y la necesidad de contenerlo, uno de las principales medidas tiene que ver con la reducci\u00f3n &#8230;<\/p>\n","protected":false},"author":7,"featured_media":65649,"comment_status":"open","ping_status":"open","sticky":false,"template":"","format":"standard","meta":{"footnotes":""},"categories":[5],"tags":[],"class_list":["post-66423","post","type-post","status-publish","format-standard","has-post-thumbnail","hentry","category-actualidad"],"_links":{"self":[{"href":"https:\/\/vinasfm.com\/noticias\/wp-json\/wp\/v2\/posts\/66423","targetHints":{"allow":["GET"]}}],"collection":[{"href":"https:\/\/vinasfm.com\/noticias\/wp-json\/wp\/v2\/posts"}],"about":[{"href":"https:\/\/vinasfm.com\/noticias\/wp-json\/wp\/v2\/types\/post"}],"author":[{"embeddable":true,"href":"https:\/\/vinasfm.com\/noticias\/wp-json\/wp\/v2\/users\/7"}],"replies":[{"embeddable":true,"href":"https:\/\/vinasfm.com\/noticias\/wp-json\/wp\/v2\/comments?post=66423"}],"version-history":[{"count":1,"href":"https:\/\/vinasfm.com\/noticias\/wp-json\/wp\/v2\/posts\/66423\/revisions"}],"predecessor-version":[{"id":66426,"href":"https:\/\/vinasfm.com\/noticias\/wp-json\/wp\/v2\/posts\/66423\/revisions\/66426"}],"wp:featuredmedia":[{"embeddable":true,"href":"https:\/\/vinasfm.com\/noticias\/wp-json\/wp\/v2\/media\/65649"}],"wp:attachment":[{"href":"https:\/\/vinasfm.com\/noticias\/wp-json\/wp\/v2\/media?parent=66423"}],"wp:term":[{"taxonomy":"category","embeddable":true,"href":"https:\/\/vinasfm.com\/noticias\/wp-json\/wp\/v2\/categories?post=66423"},{"taxonomy":"post_tag","embeddable":true,"href":"https:\/\/vinasfm.com\/noticias\/wp-json\/wp\/v2\/tags?post=66423"}],"curies":[{"name":"wp","href":"https:\/\/api.w.org\/{rel}","templated":true}]}}