{"id":66417,"date":"2020-03-19T09:30:07","date_gmt":"2020-03-19T12:30:07","guid":{"rendered":"http:\/\/vinasfm.com\/noticias\/?p=66417"},"modified":"2020-03-23T11:44:06","modified_gmt":"2020-03-23T14:44:06","slug":"video-la-situacion-salarial-y-laboral-de-los-enfermeros-contada-en-primera-persona","status":"publish","type":"post","link":"https:\/\/vinasfm.com\/noticias\/video-la-situacion-salarial-y-laboral-de-los-enfermeros-contada-en-primera-persona\/","title":{"rendered":"V\u00cdDEO: LA SITUACI\u00d3N SALARIAL Y LABORAL DE LOS ENFERMEROS CONTADA EN PRIMERA PERSONA"},"content":{"rendered":"<h5><strong>Una enfermera del hospital \u201cEnfermeros Argentinos\u201d film\u00f3 un video en nombre de sus compa\u00f1eros con un contundente mensaje hac\u00eda el Ministerio de Salud de la Provincia enlistando las dificultades que su profesi\u00f3n les exige a cambio de un sueldo magro y condiciones poco favorables.<\/strong><\/h5>\n<p>Fue publicado por Laura Guti\u00e9rrez, profesional de la salud en el Servicio de Cl\u00ednica, \u00a0quien en uno de los consultorios apunt\u00f3 contra el gobernador, funcionarios provinciales y ministros en nombre de \u201c<em>enfermeros profesionales y licenciados<\/em>\u201d detallando que por mes, de bolsillo, el sueldo es de $16.000 \u201c<em>de los cuales debemos alquilar en muchos casos, monotributo, aportes jubilatorios, rentas sin contar la comida nuestra y de nuestros hijos con una carga horaria de 40 horas. En el 2019 tuvimos un aumento del 18% anual cuando la inflaci\u00f3n fue del 59,3%, una verg\u00fcenza<\/em>\u201d.<\/p>\n<p>\u201c<em>Pedimos que valoren lo que hacemos d\u00eda a d\u00eda porque es muy dif\u00edcil estar en nuestros lugares donde un d\u00eda feriado o festivo para nosotros es un d\u00eda m\u00e1s, cuando nuestros hijos se enferman tenemos que dejarlos porque si no se nos descuenta el d\u00eda. Por eso pedimos que se pongan de nuestro porque hace 5 a\u00f1os que estamos peleando por lo mismo. Es denigrante lo que estamos pasando<\/em>\u201d, agreg\u00f3 la enfermera.<\/p>\n<p>\u201c<em>Valoren enfermer\u00eda porque trabajamos a la par por la gente que debe ser asistida y ni siquiera tenemos los recursos para atenderlos como corresponden<\/em>\u201d, subray\u00f3 en su mensaje.<\/p>\n<p>\u201c<em>Nos han ninguneado durante 5 a\u00f1os a nosotros y a nuestros superiores que luchan junto a nosotros por esta causa<\/em>\u201d, destac\u00f3 y en la misma l\u00ednea apunt\u00f3: \u201c<em>Me gustar\u00eda que la Ministra nos acompa\u00f1e una sola guardia para que vea c\u00f3mo es la situaci\u00f3n\u201d.<\/em><\/p>\n<p><b>El v\u00eddeo completo<\/b><\/p>\n<div id=\"fb-root\"><\/div>\n<p><script async=\"1\" defer=\"1\" crossorigin=\"anonymous\" src=\"https:\/\/connect.facebook.net\/es_LA\/sdk.js#xfbml=1&amp;version=v6.0\"><\/script><\/p>\n<div class=\"fb-video\" data-href=\"https:\/\/www.facebook.com\/100001098078709\/videos\/2876501452396429\/?t=0\" data-width=\"1140\">\n<blockquote cite=\"https:\/\/www.facebook.com\/100001098078709\/videos\/2876501452396429\/\" class=\"fb-xfbml-parse-ignore\"><p><a href=\"https:\/\/www.facebook.com\/100001098078709\/videos\/2876501452396429\/\"><\/a><\/p>\n<p>Difundan por favor!!!<\/p>\n<p>Publicado por <a href=\"https:\/\/www.facebook.com\/people\/Laura-Gutierrez\/100001098078709\">Laura Gutierrez<\/a> en Mi\u00e9rcoles, 18 de marzo de 2020<\/p><\/blockquote>\n<\/div>\n<h5><em>F.B.<\/em><\/h5>\n","protected":false},"excerpt":{"rendered":"<p>Una enfermera del hospital \u201cEnfermeros Argentinos\u201d film\u00f3 un video en nombre de sus compa\u00f1eros con un contundente mensaje hac\u00eda el Ministerio &#8230;<\/p>\n","protected":false},"author":8,"featured_media":66419,"comment_status":"open","ping_status":"open","sticky":false,"template":"","format":"standard","meta":{"footnotes":""},"categories":[5,62,15],"tags":[],"class_list":["post-66417","post","type-post","status-publish","format-standard","has-post-thumbnail","hentry","category-actualidad","category-coronavirus","category-salud"],"_links":{"self":[{"href":"https:\/\/vinasfm.com\/noticias\/wp-json\/wp\/v2\/posts\/66417","targetHints":{"allow":["GET"]}}],"collection":[{"href":"https:\/\/vinasfm.com\/noticias\/wp-json\/wp\/v2\/posts"}],"about":[{"href":"https:\/\/vinasfm.com\/noticias\/wp-json\/wp\/v2\/types\/post"}],"author":[{"embeddable":true,"href":"https:\/\/vinasfm.com\/noticias\/wp-json\/wp\/v2\/users\/8"}],"replies":[{"embeddable":true,"href":"https:\/\/vinasfm.com\/noticias\/wp-json\/wp\/v2\/comments?post=66417"}],"version-history":[{"count":1,"href":"https:\/\/vinasfm.com\/noticias\/wp-json\/wp\/v2\/posts\/66417\/revisions"}],"predecessor-version":[{"id":66474,"href":"https:\/\/vinasfm.com\/noticias\/wp-json\/wp\/v2\/posts\/66417\/revisions\/66474"}],"wp:featuredmedia":[{"embeddable":true,"href":"https:\/\/vinasfm.com\/noticias\/wp-json\/wp\/v2\/media\/66419"}],"wp:attachment":[{"href":"https:\/\/vinasfm.com\/noticias\/wp-json\/wp\/v2\/media?parent=66417"}],"wp:term":[{"taxonomy":"category","embeddable":true,"href":"https:\/\/vinasfm.com\/noticias\/wp-json\/wp\/v2\/categories?post=66417"},{"taxonomy":"post_tag","embeddable":true,"href":"https:\/\/vinasfm.com\/noticias\/wp-json\/wp\/v2\/tags?post=66417"}],"curies":[{"name":"wp","href":"https:\/\/api.w.org\/{rel}","templated":true}]}}