{"id":66405,"date":"2020-03-19T03:47:16","date_gmt":"2020-03-19T06:47:16","guid":{"rendered":"http:\/\/vinasfm.com\/noticias\/?p=66405"},"modified":"2020-03-19T03:47:16","modified_gmt":"2020-03-19T06:47:16","slug":"coronavirus-se-suspendieron-las-reuniones-paritarias-2020","status":"publish","type":"post","link":"https:\/\/vinasfm.com\/noticias\/coronavirus-se-suspendieron-las-reuniones-paritarias-2020\/","title":{"rendered":"CORONAVIRUS: SE SUSPENDIERON LAS REUNIONES PARITARIAS 2020"},"content":{"rendered":"<h5><strong>El Ministerio de Gobierno, Trabajo y Justicia, a trav\u00e9s del Expediente 1562869\/20, suspendi\u00f3 las reuniones paritarias salariales 2020 previstas para esta semana, debido a los riesgos de pandemia de COVID-19 declarada por la Organizaci\u00f3n Mundial de la Salud.<\/strong><\/h5>\n<p>El Gobierno provincial decidi\u00f3 suspender la segunda ronda de reuniones con los representantes gremiales de los empleados de la Administraci\u00f3n P\u00fablica hasta que hayan cesado las circunstancias epimediol\u00f3gicas actuales y permitan la reanudaci\u00f3n o reprogramaci\u00f3n de los encuentros.<\/p>\n<p>En el marco de la declaraci\u00f3n de emergencia p\u00fablica en materia sanitaria declarada por el art. 1 de la Ley 27541, decretos PEN 260\/20 y Podel Ejecutivo Provincial 359\/20, 384\/20,\u00a0 390\/20 y dem\u00e1s normas concordantes, se decide la suspensi\u00f3n de la negociaci\u00f3n colectiva estatal referida a las paritarias salariales 2020, ante la situaci\u00f3n de excepci\u00f3n y de fuerza mayor que atraviesan la provincia, el pa\u00eds y el mundo.<\/p>\n<h5><em>F.B.<\/em><\/h5>\n","protected":false},"excerpt":{"rendered":"<p>El Ministerio de Gobierno, Trabajo y Justicia, a trav\u00e9s del Expediente 1562869\/20, suspendi\u00f3 las reuniones paritarias salariales 2020 previstas para esta &#8230;<\/p>\n","protected":false},"author":8,"featured_media":66406,"comment_status":"open","ping_status":"open","sticky":false,"template":"","format":"standard","meta":{"footnotes":""},"categories":[5,10],"tags":[],"class_list":["post-66405","post","type-post","status-publish","format-standard","has-post-thumbnail","hentry","category-actualidad","category-destacadas"],"_links":{"self":[{"href":"https:\/\/vinasfm.com\/noticias\/wp-json\/wp\/v2\/posts\/66405","targetHints":{"allow":["GET"]}}],"collection":[{"href":"https:\/\/vinasfm.com\/noticias\/wp-json\/wp\/v2\/posts"}],"about":[{"href":"https:\/\/vinasfm.com\/noticias\/wp-json\/wp\/v2\/types\/post"}],"author":[{"embeddable":true,"href":"https:\/\/vinasfm.com\/noticias\/wp-json\/wp\/v2\/users\/8"}],"replies":[{"embeddable":true,"href":"https:\/\/vinasfm.com\/noticias\/wp-json\/wp\/v2\/comments?post=66405"}],"version-history":[{"count":1,"href":"https:\/\/vinasfm.com\/noticias\/wp-json\/wp\/v2\/posts\/66405\/revisions"}],"predecessor-version":[{"id":66407,"href":"https:\/\/vinasfm.com\/noticias\/wp-json\/wp\/v2\/posts\/66405\/revisions\/66407"}],"wp:featuredmedia":[{"embeddable":true,"href":"https:\/\/vinasfm.com\/noticias\/wp-json\/wp\/v2\/media\/66406"}],"wp:attachment":[{"href":"https:\/\/vinasfm.com\/noticias\/wp-json\/wp\/v2\/media?parent=66405"}],"wp:term":[{"taxonomy":"category","embeddable":true,"href":"https:\/\/vinasfm.com\/noticias\/wp-json\/wp\/v2\/categories?post=66405"},{"taxonomy":"post_tag","embeddable":true,"href":"https:\/\/vinasfm.com\/noticias\/wp-json\/wp\/v2\/tags?post=66405"}],"curies":[{"name":"wp","href":"https:\/\/api.w.org\/{rel}","templated":true}]}}