{"id":66402,"date":"2020-03-19T03:43:15","date_gmt":"2020-03-19T06:43:15","guid":{"rendered":"http:\/\/vinasfm.com\/noticias\/?p=66402"},"modified":"2020-03-19T03:43:15","modified_gmt":"2020-03-19T06:43:15","slug":"iscamen-trabaja-preventivamente-en-los-puestos-de-control","status":"publish","type":"post","link":"https:\/\/vinasfm.com\/noticias\/iscamen-trabaja-preventivamente-en-los-puestos-de-control\/","title":{"rendered":"ISCAMEN TRABAJA PREVENTIVAMENTE EN LOS PUESTOS DE CONTROL"},"content":{"rendered":"<h5><strong>Los viajeros que ingresan a Mendoza por los l\u00edmites interprovinciales, donde la provincia cuenta con una infraestructura de control instalada para el cuidado de la sanidad y calidad vegetal, deben completar una declaraci\u00f3n jurada con informaci\u00f3n que permita la detecci\u00f3n temprana de posibles casos de la enfermedad.<\/strong><\/h5>\n<p>Los inspectores de ISCAMEN se encuentran cumpliendo funciones de auxiliares del sistema provincial de salud a partir de la decisi\u00f3n del Gobernador Rodolfo Su\u00e1rez, de redefinir las acciones del Sistema Integral de Barreras Sanitarias de ISCAMEN en funci\u00f3n de las necesidades sanitarias, constituyendo el primer filtro de ingreso de personas a la provincia.<\/p>\n<p>Desde su implementaci\u00f3n, y aunque el llenado de la declaraci\u00f3n jurada puede ocasionar demoras en el tr\u00e1nsito, la medida ha sido acompa\u00f1ada en general con la mejor predisposici\u00f3n por parte de los viajeros, en el entendimiento de la necesidad de colaborar para evitar la circulaci\u00f3n de la enfermedad.<\/p>\n<p>Las Barreras Sanitarias de ISCAMEN cumplen funciones las 24 horas del d\u00eda los 365 d\u00edas del a\u00f1o, por lo que se presentan como una herramienta de suma importancia dentro de las medidas de protecci\u00f3n implementada.<\/p>\n<p>Las actividades se est\u00e1n desarrollando en los siguientes puestos de Barreras Sanitarias:<\/p>\n<p>1- Cochic\u00f3, Ruta Nacional 143, km 488.<\/p>\n<p>2- San Jos\u00e9, Ruta Nacional 40, km 3.374.<\/p>\n<p>3- Canalejas, Ruta Nacional 188, km 684.<\/p>\n<p>4- La Horqueta, Ruta Nacional 146, km 221.<\/p>\n<p>5- Desaguadero, Ruta Nacional 7, km 866.<\/p>\n<p>6- El Puerto, Ruta Nacional 142, km 111.<\/p>\n<h5><em>F.B.<\/em><\/h5>\n","protected":false},"excerpt":{"rendered":"<p>Los viajeros que ingresan a Mendoza por los l\u00edmites interprovinciales, donde la provincia cuenta con una infraestructura de control instalada para &#8230;<\/p>\n","protected":false},"author":8,"featured_media":66403,"comment_status":"open","ping_status":"open","sticky":false,"template":"","format":"standard","meta":{"footnotes":""},"categories":[5,35],"tags":[],"class_list":["post-66402","post","type-post","status-publish","format-standard","has-post-thumbnail","hentry","category-actualidad","category-iscamen"],"_links":{"self":[{"href":"https:\/\/vinasfm.com\/noticias\/wp-json\/wp\/v2\/posts\/66402","targetHints":{"allow":["GET"]}}],"collection":[{"href":"https:\/\/vinasfm.com\/noticias\/wp-json\/wp\/v2\/posts"}],"about":[{"href":"https:\/\/vinasfm.com\/noticias\/wp-json\/wp\/v2\/types\/post"}],"author":[{"embeddable":true,"href":"https:\/\/vinasfm.com\/noticias\/wp-json\/wp\/v2\/users\/8"}],"replies":[{"embeddable":true,"href":"https:\/\/vinasfm.com\/noticias\/wp-json\/wp\/v2\/comments?post=66402"}],"version-history":[{"count":1,"href":"https:\/\/vinasfm.com\/noticias\/wp-json\/wp\/v2\/posts\/66402\/revisions"}],"predecessor-version":[{"id":66404,"href":"https:\/\/vinasfm.com\/noticias\/wp-json\/wp\/v2\/posts\/66402\/revisions\/66404"}],"wp:featuredmedia":[{"embeddable":true,"href":"https:\/\/vinasfm.com\/noticias\/wp-json\/wp\/v2\/media\/66403"}],"wp:attachment":[{"href":"https:\/\/vinasfm.com\/noticias\/wp-json\/wp\/v2\/media?parent=66402"}],"wp:term":[{"taxonomy":"category","embeddable":true,"href":"https:\/\/vinasfm.com\/noticias\/wp-json\/wp\/v2\/categories?post=66402"},{"taxonomy":"post_tag","embeddable":true,"href":"https:\/\/vinasfm.com\/noticias\/wp-json\/wp\/v2\/tags?post=66402"}],"curies":[{"name":"wp","href":"https:\/\/api.w.org\/{rel}","templated":true}]}}