{"id":66383,"date":"2020-03-19T11:00:54","date_gmt":"2020-03-19T14:00:54","guid":{"rendered":"http:\/\/vinasfm.com\/noticias\/?p=66383"},"modified":"2020-03-20T10:13:54","modified_gmt":"2020-03-20T13:13:54","slug":"como-medidas-preventivas-la-municipalidad-reprograma-servicios","status":"publish","type":"post","link":"https:\/\/vinasfm.com\/noticias\/como-medidas-preventivas-la-municipalidad-reprograma-servicios\/","title":{"rendered":"COMO MEDIDAS PREVENTIVAS LA MUNICIPALIDAD REPROGRAMA SERVICIOS"},"content":{"rendered":"<h4><strong>Conforme a las medidas preventivas para hacer frente al coronavirus, el municipio ha dispuesto las siguientes pautas de trabajo.<\/strong><\/h4>\n<p>El Secretario de Desarrollo y Promoci\u00f3n departamental Carlos Ponce se refiri\u00f3 al pago anticipado del Seguro Agr\u00edcola. Hasta el momento han cobrado 215 productores, esto tiene un impacto de m\u00e1s de 16 millones de pesos que ingresan a nuestro Departamento.<\/p>\n<p>\u00ab<em>Entendiendo esta situaci\u00f3n Sanitaria que estamos viviendo, para aquellos que no quieran ir al Banco se les depositar\u00e1 el monto correspondiente al seguro en sus respectivas cajas de ahorro<\/em>\u00ab, destac\u00f3 el funcionario.<\/p>\n<div id=\"attachment_66384\" style=\"width: 300px\" class=\"wp-caption alignleft\"><img loading=\"lazy\" decoding=\"async\" aria-describedby=\"caption-attachment-66384\" class=\"size-medium wp-image-66384\" src=\"http:\/\/vinasfm.com\/noticias\/wp-content\/uploads\/2020\/03\/20200318_105843-300x225.jpg\" alt=\"\" width=\"300\" height=\"225\" \/><p id=\"caption-attachment-66384\" class=\"wp-caption-text\">Carlos Ponce, Fernando \u00c1lvarez y Mariano Varela en videoconferencia.<\/p><\/div>\n<p>Asimismo, se suspende el servicio del <strong>Quir\u00f3fano Veterinario m\u00f3vil<\/strong> y los turnos previstos a otorgar el viernes 20 de marzo correspondientes al mes de abril tambi\u00e9n est\u00e1n suspendidos hasta nuevo aviso.<\/p>\n<p>Debido a las medidas preventivas sobre el COVID-19 el Ministerio de Trabajo Empleo y Seguridad Social de la Naci\u00f3n a trav\u00e9s de la Oficina de Empleo, dependiente de la Direcci\u00f3n de Desarrollo Econ\u00f3mico e Innovaci\u00f3n Municipal inform\u00f3 que \u201c<em>los entrenamientos para el trabajo y entrenamientos laborales quedan suspendidos hasta el 31 de marzo del corriente a\u00f1o. Es importante aclarar que la suspensi\u00f3n de los entrenamientos para el trabajo y entrenamientos laborales no afectan el cobro de los j\u00f3venes que participan en dicho programa\u00bb<\/em>.<\/p>\n<p>\u00ab<em>Por Resoluci\u00f3n N\u00ba 131 se ha dispuesto el cierre de hoteles, caba\u00f1as y no se podr\u00e1 dar alojamiento a ning\u00fan turista, ni persona de nuestra nacionalidad, estaremos en reuni\u00f3n con la C\u00e1mara de Turismo para trabajar sobre este tema, debemos entender que no estamos de vacaciones<\/em>\u201d, finaliz\u00f3 Ponce.<\/p>\n<p>Por su parte, el Director Contingencias Sociales, <strong>Fernando \u00c1lvarez<\/strong> se refiri\u00f3 a la Tarjeta alimentar: <em>\u201cpor ahora el sistema de entrega de la tarjeta Alimentar est\u00e1 en pausa, ni bien tengamos informaci\u00f3n la vamos a ir comunicando, por lo que pedimos a los beneficiarios que aguarden en sus casas<\/em>\u00ab.<\/p>\n<p>\u00ab<em>Para los vecinos de Carmensa y Bowen tenemos una buena noticia, vamos a hacer una entrega de pollitos bebe, los interesados deben acercarse a la Delegaci\u00f3n municipal para inscribirse, porque el viernes 20 de marzo, a las 8:00h en Carmensa se har\u00e1 el operativo de entrega y a las 10.00h ser\u00e1 en Bowen<\/em>\u00ab, concluy\u00f3 \u00c1lvarez.<\/p>\n<p>Igualmente, el Delegado de Alvear Oeste, <strong>Mariano Varela,<\/strong> explic\u00f3 que la Agencia Nacional de Seguridad Vial, debido a esta pandemia, ha enviado una disposici\u00f3n a la Provincia, la cual mediante el Decreto N\u00ba 384 ha establecido la suspensi\u00f3n de atenci\u00f3n al p\u00fablico por parte del personal a cargo de emitir la Licencia Nacional de Conducir para evitar conglomeraciones, tambi\u00e9n se contemplan vencimientos retroactivos a partir del 1 al 31 de marzo, de modo que no se elaborar\u00e1n multas policiales a quienes deban hacer renovaciones de licencia de cualquier tipo en ese plazo.<\/p>\n<p>\u00ab<em>Para quienes necesiten un tel\u00e9fono de contacto para salvar sus dudas o reprogramar sus turnos hemos puesto a disposici\u00f3n el 2625 15433653, donde se brindar\u00e1 atenci\u00f3n de 8:00 a 13:00h, de lunes a viernes<\/em>\u00ab, explic\u00f3 el Delegado.<\/p>\n<h5><em>F.B.<\/em><\/h5>\n","protected":false},"excerpt":{"rendered":"<p>Conforme a las medidas preventivas para hacer frente al coronavirus, el municipio ha dispuesto las siguientes pautas de trabajo. El Secretario &#8230;<\/p>\n","protected":false},"author":8,"featured_media":45438,"comment_status":"open","ping_status":"open","sticky":false,"template":"","format":"standard","meta":{"footnotes":""},"categories":[5,62],"tags":[],"class_list":["post-66383","post","type-post","status-publish","format-standard","has-post-thumbnail","hentry","category-actualidad","category-coronavirus"],"_links":{"self":[{"href":"https:\/\/vinasfm.com\/noticias\/wp-json\/wp\/v2\/posts\/66383","targetHints":{"allow":["GET"]}}],"collection":[{"href":"https:\/\/vinasfm.com\/noticias\/wp-json\/wp\/v2\/posts"}],"about":[{"href":"https:\/\/vinasfm.com\/noticias\/wp-json\/wp\/v2\/types\/post"}],"author":[{"embeddable":true,"href":"https:\/\/vinasfm.com\/noticias\/wp-json\/wp\/v2\/users\/8"}],"replies":[{"embeddable":true,"href":"https:\/\/vinasfm.com\/noticias\/wp-json\/wp\/v2\/comments?post=66383"}],"version-history":[{"count":1,"href":"https:\/\/vinasfm.com\/noticias\/wp-json\/wp\/v2\/posts\/66383\/revisions"}],"predecessor-version":[{"id":66385,"href":"https:\/\/vinasfm.com\/noticias\/wp-json\/wp\/v2\/posts\/66383\/revisions\/66385"}],"wp:featuredmedia":[{"embeddable":true,"href":"https:\/\/vinasfm.com\/noticias\/wp-json\/wp\/v2\/media\/45438"}],"wp:attachment":[{"href":"https:\/\/vinasfm.com\/noticias\/wp-json\/wp\/v2\/media?parent=66383"}],"wp:term":[{"taxonomy":"category","embeddable":true,"href":"https:\/\/vinasfm.com\/noticias\/wp-json\/wp\/v2\/categories?post=66383"},{"taxonomy":"post_tag","embeddable":true,"href":"https:\/\/vinasfm.com\/noticias\/wp-json\/wp\/v2\/tags?post=66383"}],"curies":[{"name":"wp","href":"https:\/\/api.w.org\/{rel}","templated":true}]}}