{"id":66374,"date":"2020-03-19T15:49:20","date_gmt":"2020-03-19T18:49:20","guid":{"rendered":"http:\/\/vinasfm.com\/noticias\/?p=66374"},"modified":"2020-03-19T21:23:45","modified_gmt":"2020-03-20T00:23:45","slug":"emprendedores-locales-fueron-beneficiados-con-importantes-subsidios","status":"publish","type":"post","link":"https:\/\/vinasfm.com\/noticias\/emprendedores-locales-fueron-beneficiados-con-importantes-subsidios\/","title":{"rendered":"EMPRENDEDORES LOCALES FUERON BENEFICIADOS CON IMPORTANTES SUBSIDIOS"},"content":{"rendered":"<h4><strong>Desde la Secretar\u00eda de Desarrollo y Promoci\u00f3n Departamental de la Municipalidad hicieron entrega de subsidios a emprendedores de distintos rubros en nuestro Departamento.<\/strong><\/h4>\n<p>Los subsidios dependientes del <strong>Departamento de Econom\u00eda Social y Asociatividad<\/strong> tienen un total de $ 360.512, distribuidos en diferentes beneficiarios son: \u201c<em>R\u00edos Jesica recibe $37.608 es de San Pedro del Atuel, Artesan\u00edas de Reciclado. Bernal Lucia recibe $68.862 de Ciudad, Dise\u00f1o de Interiores. Olgu\u00edn Nelson recibe $75.418 de Alvear Oeste, Carpinter\u00eda. Miranda Dagma recibre\u00a0 $100.000\u00a0 de Bowen,\u00a0 Suyana L\u00e1pices de papel. Cohort Brenda recibe $78.624 de Bowen, Snack de Frutos Secos<\/em>\u201d, expres\u00f3 <strong>Carlos Ponce<\/strong>, <strong>Secretario de Desarrollo y Promoci\u00f3n Departamental<\/strong>.<\/p>\n<p><strong>Lorena Meschini<\/strong>, <strong>Directora de Econom\u00eda Social y Asociatividad,<\/strong> expres\u00f3 \u201c<em>estos fortalecimientos econ\u00f3micos que estamos entregando a emprendedores son muy importantes para el Departamento, tambi\u00e9n esta visita es para comunicarnos con el Intendente y fortalecer nuestros lazos\u201d<\/em>.<\/p>\n<div id=\"attachment_66379\" style=\"width: 300px\" class=\"wp-caption alignleft\"><img loading=\"lazy\" decoding=\"async\" aria-describedby=\"caption-attachment-66379\" class=\"size-medium wp-image-66379\" src=\"http:\/\/vinasfm.com\/noticias\/wp-content\/uploads\/2020\/03\/Entrega-de-Subsidios-2-300x200.jpg\" alt=\"\" width=\"300\" height=\"200\" srcset=\"https:\/\/vinasfm.com\/noticias\/wp-content\/uploads\/2020\/03\/Entrega-de-Subsidios-2-300x200.jpg 300w, https:\/\/vinasfm.com\/noticias\/wp-content\/uploads\/2020\/03\/Entrega-de-Subsidios-2-1024x683.jpg 1024w, https:\/\/vinasfm.com\/noticias\/wp-content\/uploads\/2020\/03\/Entrega-de-Subsidios-2-768x512.jpg 768w, https:\/\/vinasfm.com\/noticias\/wp-content\/uploads\/2020\/03\/Entrega-de-Subsidios-2-1536x1024.jpg 1536w, https:\/\/vinasfm.com\/noticias\/wp-content\/uploads\/2020\/03\/Entrega-de-Subsidios-2-2048x1365.jpg 2048w\" sizes=\"auto, (max-width: 300px) 100vw, 300px\" \/><p id=\"caption-attachment-66379\" class=\"wp-caption-text\">Marcolini recibi\u00f3 a los emprendedores locales.<\/p><\/div>\n<p>\u201c<em>Trabajamos articuladamente con General Alvear y lo que le pedimos a los vecinos es que se acerquen a la oficina de Econom\u00eda Social para poder acceder a los microcr\u00e9ditos, lo pueden hacer de dos formas, una es esta a trav\u00e9s de la municipalidad y la otra es entrar a nuestras redes sociales, Direcci\u00f3n de Econom\u00eda Social y Asociatividad<\/em>\u201d, a\u00f1adi\u00f3.<\/p>\n<p><strong>Lucia Bernal, <\/strong>una de las beneficiaria, expres\u00f3:\u00a0 \u201c<em>esto lo estamos gestionando hace bastante, es un proyecto de dise\u00f1o de interiores, estamos muy contentos porque con esta ayuda vamos a poder concretar muchas comprar de insumos que necesitamos, hacer contactos con proveedores, esto realmente es un empuj\u00f3n en esta realidad, una responsabilidad muy grande. Muy agradecidos por el voto de confianza, nos dedicamos a embellecer sus interiores, confecci\u00f3n y dise\u00f1os de muebles a medida,\u00a0 seguimiento de obras, asesoramiento en 3D, cortinas de confecci\u00f3n. Estamos en Col\u00f3n 323 \u2013Dpto2\u201d.<\/em><\/p>\n<p><strong>Miranda Dagma<\/strong> y <strong>Mat\u00edas Miranda<\/strong> de <strong><em>Suyana<\/em><\/strong>, beneficiarios, manifestaron \u201c<em>este subsidio lo utilizaremos para la compra de insumos que necesitamos para realizar m\u00e1s l\u00e1pices de papel, especialmente para las minas, esto nos ayuda mucho, estamos muy contentos, hemos aumentado mucho las ventas. Por supuesto que para recibir este subsidio tuvimos que explicar para que lo \u00edbamos a utilizar, presentar un proyecto y por suerte salimos premiados<\/em>\u201d.<\/p>\n<p>\u201c<em>Estamos haciendo otros productos adem\u00e1s de l\u00e1pices, tambi\u00e9n hacemos se\u00f1aladores, portal\u00e1pices y a futuro hacer algunas agendas y muy pronto vendr\u00e1n los l\u00e1pices de colores, estamos muy contentos, muy agradecidos\u201d, <\/em>concluyeron los j\u00f3venes\u00a0emprendedores.<\/p>\n<h5><em>F.B.<\/em><\/h5>\n","protected":false},"excerpt":{"rendered":"<p>Desde la Secretar\u00eda de Desarrollo y Promoci\u00f3n Departamental de la Municipalidad hicieron entrega de subsidios a emprendedores de distintos rubros en &#8230;<\/p>\n","protected":false},"author":8,"featured_media":66376,"comment_status":"open","ping_status":"open","sticky":false,"template":"","format":"standard","meta":{"footnotes":""},"categories":[5,10],"tags":[],"class_list":["post-66374","post","type-post","status-publish","format-standard","has-post-thumbnail","hentry","category-actualidad","category-destacadas"],"_links":{"self":[{"href":"https:\/\/vinasfm.com\/noticias\/wp-json\/wp\/v2\/posts\/66374","targetHints":{"allow":["GET"]}}],"collection":[{"href":"https:\/\/vinasfm.com\/noticias\/wp-json\/wp\/v2\/posts"}],"about":[{"href":"https:\/\/vinasfm.com\/noticias\/wp-json\/wp\/v2\/types\/post"}],"author":[{"embeddable":true,"href":"https:\/\/vinasfm.com\/noticias\/wp-json\/wp\/v2\/users\/8"}],"replies":[{"embeddable":true,"href":"https:\/\/vinasfm.com\/noticias\/wp-json\/wp\/v2\/comments?post=66374"}],"version-history":[{"count":2,"href":"https:\/\/vinasfm.com\/noticias\/wp-json\/wp\/v2\/posts\/66374\/revisions"}],"predecessor-version":[{"id":66381,"href":"https:\/\/vinasfm.com\/noticias\/wp-json\/wp\/v2\/posts\/66374\/revisions\/66381"}],"wp:featuredmedia":[{"embeddable":true,"href":"https:\/\/vinasfm.com\/noticias\/wp-json\/wp\/v2\/media\/66376"}],"wp:attachment":[{"href":"https:\/\/vinasfm.com\/noticias\/wp-json\/wp\/v2\/media?parent=66374"}],"wp:term":[{"taxonomy":"category","embeddable":true,"href":"https:\/\/vinasfm.com\/noticias\/wp-json\/wp\/v2\/categories?post=66374"},{"taxonomy":"post_tag","embeddable":true,"href":"https:\/\/vinasfm.com\/noticias\/wp-json\/wp\/v2\/tags?post=66374"}],"curies":[{"name":"wp","href":"https:\/\/api.w.org\/{rel}","templated":true}]}}