{"id":66356,"date":"2020-03-18T09:08:42","date_gmt":"2020-03-18T12:08:42","guid":{"rendered":"http:\/\/vinasfm.com\/noticias\/?p=66356"},"modified":"2020-03-18T12:40:23","modified_gmt":"2020-03-18T15:40:23","slug":"olvido-su-moto-estacionada-en-un-supermercado-y-cuando-regreso-se-la-habian-robado","status":"publish","type":"post","link":"https:\/\/vinasfm.com\/noticias\/olvido-su-moto-estacionada-en-un-supermercado-y-cuando-regreso-se-la-habian-robado\/","title":{"rendered":"OLVID\u00d3 SU MOTO ESTACIONADA EN UN SUPERMERCADO Y CUANDO REGRES\u00d3 SE LA HAB\u00cdAN ROBADO"},"content":{"rendered":"<h5><strong>Un hombre olvid\u00f3 su moto estacionada en la vereda de un supermercado ubicado en calle Leandro Alem y al regresar el rodado no estaba.<\/strong><\/h5>\n<p>Ocurri\u00f3 en la tarde de este martes, cuando un hombre realiz\u00f3 la compra de menesteres en el supermercado y en un descuido se fue a pie olvidando que hab\u00eda dejado su moto marca <strong>Motomel 110cc<\/strong> estacionada afuera del local. Cuando regres\u00f3 por la movilidad, la misma no se encontraba por lo que radic\u00f3 la denuncia correspondiente en la seccional local.<\/p>\n<p>La Unidad Fiscal de Gral. Alvear instruye en el hecho caratulado como \u201caveriguaci\u00f3n robo\u201d.<\/p>\n<h5><em>F.B.<\/em><\/h5>\n","protected":false},"excerpt":{"rendered":"<p>Un hombre olvid\u00f3 su moto estacionada en la vereda de un supermercado ubicado en calle Leandro Alem y al regresar el &#8230;<\/p>\n","protected":false},"author":8,"featured_media":55306,"comment_status":"open","ping_status":"open","sticky":false,"template":"","format":"standard","meta":{"footnotes":""},"categories":[5,4],"tags":[],"class_list":["post-66356","post","type-post","status-publish","format-standard","has-post-thumbnail","hentry","category-actualidad","category-policiales"],"_links":{"self":[{"href":"https:\/\/vinasfm.com\/noticias\/wp-json\/wp\/v2\/posts\/66356","targetHints":{"allow":["GET"]}}],"collection":[{"href":"https:\/\/vinasfm.com\/noticias\/wp-json\/wp\/v2\/posts"}],"about":[{"href":"https:\/\/vinasfm.com\/noticias\/wp-json\/wp\/v2\/types\/post"}],"author":[{"embeddable":true,"href":"https:\/\/vinasfm.com\/noticias\/wp-json\/wp\/v2\/users\/8"}],"replies":[{"embeddable":true,"href":"https:\/\/vinasfm.com\/noticias\/wp-json\/wp\/v2\/comments?post=66356"}],"version-history":[{"count":1,"href":"https:\/\/vinasfm.com\/noticias\/wp-json\/wp\/v2\/posts\/66356\/revisions"}],"predecessor-version":[{"id":66357,"href":"https:\/\/vinasfm.com\/noticias\/wp-json\/wp\/v2\/posts\/66356\/revisions\/66357"}],"wp:featuredmedia":[{"embeddable":true,"href":"https:\/\/vinasfm.com\/noticias\/wp-json\/wp\/v2\/media\/55306"}],"wp:attachment":[{"href":"https:\/\/vinasfm.com\/noticias\/wp-json\/wp\/v2\/media?parent=66356"}],"wp:term":[{"taxonomy":"category","embeddable":true,"href":"https:\/\/vinasfm.com\/noticias\/wp-json\/wp\/v2\/categories?post=66356"},{"taxonomy":"post_tag","embeddable":true,"href":"https:\/\/vinasfm.com\/noticias\/wp-json\/wp\/v2\/tags?post=66356"}],"curies":[{"name":"wp","href":"https:\/\/api.w.org\/{rel}","templated":true}]}}