{"id":66313,"date":"2020-03-18T08:00:43","date_gmt":"2020-03-18T11:00:43","guid":{"rendered":"http:\/\/vinasfm.com\/noticias\/?p=66313"},"modified":"2020-03-19T10:29:07","modified_gmt":"2020-03-19T13:29:07","slug":"habra-cuarentena-obligatoria-para-cualquier-persona-que-ingrese-a-mendoza","status":"publish","type":"post","link":"https:\/\/vinasfm.com\/noticias\/habra-cuarentena-obligatoria-para-cualquier-persona-que-ingrese-a-mendoza\/","title":{"rendered":"HABR\u00c1 CUARENTENA OBLIGATORIA PARA CUALQUIER PERSONA QUE INGRESE A MENDOZA"},"content":{"rendered":"<h5><strong>Este mediod\u00eda, el Gobernador explic\u00f3 v\u00eda Twitter las nuevas medidas. Toda persona que llegue a la provincia por cualquier v\u00eda y frontera nacional o internacional, a partir del mi\u00e9rcoles 18 de marzo, deber\u00e1 realizar los 14 d\u00edas de aislamiento de forma obligatoria.<\/strong><\/h5>\n<p>El Gobernador Rodolfo Suarez anunci\u00f3 este mediod\u00eda v\u00eda Twitter que \u201c<em>a trav\u00e9s del decreto 390, toda persona que ingrese a Mendoza, sean extranjeros, nacionales argentinos o residentes en la provincia, por cualquier medio de transporte y por cualquier paso lim\u00edtrofe, tiene la obligaci\u00f3n de aislarse durante 14 d\u00edas<\/em>\u201d.<\/p>\n<p>\u201c<em>La medida empieza a regir a partir de ma\u00f1ana. Adem\u00e1s, quiero informar que luego de gestiones realizadas ante los organismos competentes, a partir de este momento rige el cierre absoluto de la frontera con el vecino pa\u00eds de Chile. La medida afecta a los pasos fronterizos Los Horcones y Pehuenche<\/em>\u201d, agreg\u00f3 el mandatario.<\/p>\n<p>La normativa except\u00faa a aquellas personas que se encuentren en tr\u00e1nsito y en tal car\u00e1cter permanezcan en el territorio provincial hasta un m\u00e1ximo de veinticuatro horas, como por ejemplo para el transporte de carga y abastecimiento de todo tipo.<\/p>\n<p>Adem\u00e1s, el mismo decreto dispone como medida complementaria \u201c<em>el cierre de los gimnasios, natatorios y sedes sociales de clubes<\/em>\u201d.<\/p>\n<p>Tambi\u00e9n indica que queda exceptuado el personal de las instituciones privadas de salud y que todos los efectores de salud p\u00fablicos o privados quedan facultados a adoptar medidas para suspender las licencias en curso del personal a su cargo.<\/p>\n<p><strong>El Ministerio de Salud, Desarrollo Social y Deportes de Mendoza comunica:<\/strong><\/p>\n<p>Ante la aparici\u00f3n de coronavirus (COVID-19) en Argentina, donde ya se han registrado m\u00e1s de 60 casos, de los cuales 4 no son importados, se cumple con informar a la poblaci\u00f3n:<\/p>\n<p>Mendoza cuenta con 9 casos sospechosos internados hasta la fecha. Anoche, la Direcci\u00f3n de Epidemiolog\u00eda descart\u00f3 cuatro casos en La Paz, un caso en San Mart\u00edn y dos en el Valle de Uco. Todas esas personas no contaban con s\u00edntomas ni nexo epidemiol\u00f3gico.<\/p>\n<h5><strong>Informe sobre el estado de salud de los internados<\/strong><\/h5>\n<p>Todos los pacientes est\u00e1n en zona de aislamiento, en perfecto estado de salud y a la espera de los resultados de laboratorio.<\/p>\n<p><strong>Hospital Central:<\/strong>\u00a0una paciente aislada, de 30 a\u00f1os, procedente de Estados Unidos.<\/p>\n<p><strong>Hospital Notti:<\/strong>\u00a0un ni\u00f1o de 6 a\u00f1os, con cuadro febril y sin especificar procedencia.<\/p>\n<p><strong>Hospital Lagomaggiore<\/strong>: dos mujeres que llegaron de Italia.<\/p>\n<p><strong>Hospital Lencinas:<\/strong>\u00a0se aisl\u00f3 a tres pacientes. Dos hombres, de 43 a\u00f1os y 50 a\u00f1os. El primero, llegado de Holanda, mientras que el segundo lleg\u00f3 desde Estados Unidos. El tercer caso es una mujer de 43 a\u00f1os que vino de Holanda.<\/p>\n<p><strong>Hospital Espa\u00f1ol:<\/strong>\u00a0dos pacientes: una mujer de 48 a\u00f1os con procedencia de Francia y un adolescente de 15 a\u00f1os presentaron tos y fiebre.<\/p>\n<h5><strong>Recomendaciones de la Organizaci\u00f3n Mundial de la Salud (OMS)<\/strong><\/h5>\n<p>Lavarse las manos regularmente con agua y jab\u00f3n o con un desinfectante a base de alcohol (alcohol en gel).<\/p>\n<p>Al toser o estornudar, cubrirse la nariz y la boca con el pliegue del codo.<\/p>\n<p>Informarse sobre los s\u00edntomas: en la mayor\u00eda de las personas, comienza con fiebre y tos seca, no con secreci\u00f3n nasal.<\/p>\n<h5><strong>Coronavirus: intensifican el aislamiento para turistas que vengan desde cualquier pa\u00eds extranjero<\/strong><\/h5>\n<p>Los alojamientos tur\u00edsticos est\u00e1n obligados a informar al Ministerio de Cultura y Turismo los datos personales de los viajeros provenientes de pa\u00edses extranjeros a los que presten servicio. A partir del 15 de marzo deber\u00e1n ponerlos al tanto de todas las disposiciones sanitarias que los comprenden por proceder del exterior del pa\u00eds, principalmente el requisito de cumplir con la cuarentena de 14 d\u00edas.<\/p>\n<h5><strong>Coronavirus: docentes pueden descargar informaci\u00f3n importante desde internet<\/strong><\/h5>\n<p>A trav\u00e9s del sitio\u00a0<a href=\"http:\/\/www.salud.mendoza.gov.ar\/malet%C3%ADn\">www.salud.mendoza.gov.ar\/malet\u00edn<\/a>, los docentes de nivel primario y secundario podr\u00e1n contar con material oficial sobre los principales aspectos de la enfermedad, como tambi\u00e9n medidas de prevenci\u00f3n.<\/p>\n<h5><strong>Coronavirus: la Direcci\u00f3n de Cooperativas habilit\u00f3 nuevas\u00a0<\/strong><strong>l\u00edneas telef\u00f3nicas para evitar la concurrencia al organismo<\/strong><\/h5>\n<p>Las gestiones contables, legales y asesoramientos sobre tr\u00e1mites en general, plazos y tasas vigentes se realizar\u00e1n telef\u00f3nicamente. Los tel\u00e9fonos 423-5522 y 423-5534 atender\u00e1n de lunes a viernes de 9 a 13.<\/p>\n<h5><strong>Preparto en vivo<\/strong><\/h5>\n<p>Ante las medidas de prevenci\u00f3n contra el coronavirus tomadas por los Estados nacional y provincial, la Direcci\u00f3n de OSEP ha decidido suspender todas las actividades que incluyen la participaci\u00f3n de grupos de personas (jornadas, capacitaciones, reuniones, etc.) en todo el territorio de la provincia de Mendoza. En ese marco y con el objetivo de seguir acompa\u00f1ando a sus afiliados, algunas actividades ser\u00e1n transmitidas a trav\u00e9s de la aplicaci\u00f3n Facebook Live. El mi\u00e9rcoles, de 11 a 13, ser\u00e1 el turno del taller de Preparaci\u00f3n Integral para la Maternidad.<\/p>\n<h5><strong>Coronavirus: la responsabilidad de los consumidores es esencial para prevenir la circulaci\u00f3n del COVID-19<\/strong><\/h5>\n<p>La Direcci\u00f3n de Defensa del Consumidor recuerda a los ciudadanos que son sujetos de derechos y tambi\u00e9n de obligaciones respecto de su papel como ciudadanos activos en un mercado de bienes y servicios.<\/p>\n<h5><strong>Coronavirus: desde ATM se sugiere a los contribuyentes realizar sus tr\u00e1mites por internet y no asistir a las dependencias<\/strong><\/h5>\n<p>El aplicativo de autogesti\u00f3n Mis Tr\u00e1mites permite tramitar de manera simple de impuestos a trav\u00e9s del portal\u00a0<a href=\"http:\/\/www.atm.mendoza.gov.ar\/\">www.atm.mendoza.gov.ar<\/a>. Est\u00e1n disponibles los tutoriales para el uso de Mis Tr\u00e1mites y Oficina Virtual.<\/p>\n<h5><strong>Coronavirus: la Direcci\u00f3n de Personas Jur\u00eddicas restringe la atenci\u00f3n al p\u00fablico<\/strong><\/h5>\n<p>Desde la direcci\u00f3n de Personas Jur\u00eddicas (DPJ) se solicita que los ciudadanos \u00fanicamente se presenten para la realizaci\u00f3n de tr\u00e1mites urgentes.<\/p>\n<h5><em>F.B.<\/em><\/h5>\n","protected":false},"excerpt":{"rendered":"<p>Este mediod\u00eda, el Gobernador explic\u00f3 v\u00eda Twitter las nuevas medidas. Toda persona que llegue a la provincia por cualquier v\u00eda y &#8230;<\/p>\n","protected":false},"author":8,"featured_media":66315,"comment_status":"open","ping_status":"open","sticky":false,"template":"","format":"standard","meta":{"footnotes":""},"categories":[1],"tags":[],"class_list":["post-66313","post","type-post","status-publish","format-standard","has-post-thumbnail","hentry","category-fmvinas"],"_links":{"self":[{"href":"https:\/\/vinasfm.com\/noticias\/wp-json\/wp\/v2\/posts\/66313","targetHints":{"allow":["GET"]}}],"collection":[{"href":"https:\/\/vinasfm.com\/noticias\/wp-json\/wp\/v2\/posts"}],"about":[{"href":"https:\/\/vinasfm.com\/noticias\/wp-json\/wp\/v2\/types\/post"}],"author":[{"embeddable":true,"href":"https:\/\/vinasfm.com\/noticias\/wp-json\/wp\/v2\/users\/8"}],"replies":[{"embeddable":true,"href":"https:\/\/vinasfm.com\/noticias\/wp-json\/wp\/v2\/comments?post=66313"}],"version-history":[{"count":2,"href":"https:\/\/vinasfm.com\/noticias\/wp-json\/wp\/v2\/posts\/66313\/revisions"}],"predecessor-version":[{"id":66351,"href":"https:\/\/vinasfm.com\/noticias\/wp-json\/wp\/v2\/posts\/66313\/revisions\/66351"}],"wp:featuredmedia":[{"embeddable":true,"href":"https:\/\/vinasfm.com\/noticias\/wp-json\/wp\/v2\/media\/66315"}],"wp:attachment":[{"href":"https:\/\/vinasfm.com\/noticias\/wp-json\/wp\/v2\/media?parent=66313"}],"wp:term":[{"taxonomy":"category","embeddable":true,"href":"https:\/\/vinasfm.com\/noticias\/wp-json\/wp\/v2\/categories?post=66313"},{"taxonomy":"post_tag","embeddable":true,"href":"https:\/\/vinasfm.com\/noticias\/wp-json\/wp\/v2\/tags?post=66313"}],"curies":[{"name":"wp","href":"https:\/\/api.w.org\/{rel}","templated":true}]}}