{"id":66282,"date":"2020-03-18T16:00:12","date_gmt":"2020-03-18T19:00:12","guid":{"rendered":"http:\/\/vinasfm.com\/noticias\/?p=66282"},"modified":"2020-03-18T20:17:41","modified_gmt":"2020-03-18T23:17:41","slug":"voraz-incendio-afecto-gran-parte-de-una-vivienda-centrica","status":"publish","type":"post","link":"https:\/\/vinasfm.com\/noticias\/voraz-incendio-afecto-gran-parte-de-una-vivienda-centrica\/","title":{"rendered":"VORAZ INCENDIO AFECT\u00d3 GRAN PARTE DE UNA VIVIENDA C\u00c9NTRICA"},"content":{"rendered":"<h4><strong>El siniestro comenz\u00f3 a gestarse en la madrugada de este martes generando p\u00e9rdidas materiales en el interior de la vivienda afectada, ubicada en Intendente Morales al 962.<\/strong><\/h4>\n<p>Personal de Bomberos trabaj\u00f3 una hora y media en el lugar para mitigar las fuertes llamas que abrasaron la residencia de un hombre de 57 a\u00f1os, de apellido Jarmolczuk, a partir de las 04:15h.<\/p>\n<p>Los peritos aun no han determinado el origen del incendio pero se sostiene que el machimbre del techo fue trascendental para la propagaci\u00f3n de las llamas que afectaron una heladera, alacena, un Tv 32\u201d, cama de dos plazas, ropero, cajonera, ventilador, ropas varias, puertas interiores. Adem\u00e1s al arribar los bomberos debieron combatirlo en medio del comedor totalmente viciado de humo que imperaba en los dos dormitorios, ba\u00f1o y un dep\u00f3sito.<\/p>\n<p>Para extinguirlo, se debi\u00f3 hacer uso de una l\u00ednea de alta presi\u00f3n y escombramiento, tarea que demand\u00f3 alrededor de una hora y media. Cabe destacar que un cami\u00f3n cisterna de la Municipalidad prest\u00f3 servicio abasteciendo de agua a los uniformados.<\/p>\n<p>Por su parte, el due\u00f1o de la propiedad solo sufri\u00f3 quemaduras de primer grado por lo que en ambulancia fue trasladado al hospital \u201cEnfermeros Argentinos\u201d para su asistencia.<\/p>\n<p>La Unidad Fiscal de General Alvear labr\u00f3 las actuaciones correspondientes con base en los testimonios de la v\u00edctima, peritos y Bomberos.<\/p>\n<h5><em>F.B.<\/em><\/h5>\n","protected":false},"excerpt":{"rendered":"<p>El siniestro comenz\u00f3 a gestarse en la madrugada de este martes generando p\u00e9rdidas materiales en el interior de la vivienda afectada, &#8230;<\/p>\n","protected":false},"author":8,"featured_media":4396,"comment_status":"open","ping_status":"open","sticky":false,"template":"","format":"standard","meta":{"footnotes":""},"categories":[5,4],"tags":[],"class_list":["post-66282","post","type-post","status-publish","format-standard","has-post-thumbnail","hentry","category-actualidad","category-policiales"],"_links":{"self":[{"href":"https:\/\/vinasfm.com\/noticias\/wp-json\/wp\/v2\/posts\/66282","targetHints":{"allow":["GET"]}}],"collection":[{"href":"https:\/\/vinasfm.com\/noticias\/wp-json\/wp\/v2\/posts"}],"about":[{"href":"https:\/\/vinasfm.com\/noticias\/wp-json\/wp\/v2\/types\/post"}],"author":[{"embeddable":true,"href":"https:\/\/vinasfm.com\/noticias\/wp-json\/wp\/v2\/users\/8"}],"replies":[{"embeddable":true,"href":"https:\/\/vinasfm.com\/noticias\/wp-json\/wp\/v2\/comments?post=66282"}],"version-history":[{"count":1,"href":"https:\/\/vinasfm.com\/noticias\/wp-json\/wp\/v2\/posts\/66282\/revisions"}],"predecessor-version":[{"id":66293,"href":"https:\/\/vinasfm.com\/noticias\/wp-json\/wp\/v2\/posts\/66282\/revisions\/66293"}],"wp:featuredmedia":[{"embeddable":true,"href":"https:\/\/vinasfm.com\/noticias\/wp-json\/wp\/v2\/media\/4396"}],"wp:attachment":[{"href":"https:\/\/vinasfm.com\/noticias\/wp-json\/wp\/v2\/media?parent=66282"}],"wp:term":[{"taxonomy":"category","embeddable":true,"href":"https:\/\/vinasfm.com\/noticias\/wp-json\/wp\/v2\/categories?post=66282"},{"taxonomy":"post_tag","embeddable":true,"href":"https:\/\/vinasfm.com\/noticias\/wp-json\/wp\/v2\/tags?post=66282"}],"curies":[{"name":"wp","href":"https:\/\/api.w.org\/{rel}","templated":true}]}}