{"id":66184,"date":"2020-03-16T01:03:03","date_gmt":"2020-03-16T04:03:03","guid":{"rendered":"http:\/\/vinasfm.com\/noticias\/?p=66184"},"modified":"2020-03-17T12:45:29","modified_gmt":"2020-03-17T15:45:29","slug":"suarez-replico-lo-dispuesto-por-nacion-y-anuncio-medidas-complementarias-para-mendoza","status":"publish","type":"post","link":"https:\/\/vinasfm.com\/noticias\/suarez-replico-lo-dispuesto-por-nacion-y-anuncio-medidas-complementarias-para-mendoza\/","title":{"rendered":"CORONAVIRUS: SU\u00c1REZ ANUNCI\u00d3 MEDIDAS COMPLEMENTARIAS PARA MENDOZA"},"content":{"rendered":"<h5><strong>Licencias para padres de los alumnos que no tendr\u00e1n clases en todos los niveles y modalidades, ampliaci\u00f3n del rango etario para los adultos mayores con licencia (a partir de los 60 a\u00f1os), solicitud del cierre del aeropuerto y suspensi\u00f3n de actividades fueron algunos de los anuncios del Gobernador.<\/strong><\/h5>\n<p>El Presidente Alberto Fern\u00e1ndez anunci\u00f3 un paquete de medidas para \u201cminimizar la propagaci\u00f3n del virus en el pa\u00eds. Analizamos, puntualmente, a partir de una recomendaci\u00f3n de la OMS, que se tomen medidas dr\u00e1sticas y se ataque en conjunto\u201d, dijo, tras una reuni\u00f3n en Olivos en la que participaron ministros y miembros del Comit\u00e9 de Seguimiento de Coronavirus<\/p>\n<p>De esta manera, el mandatario nacional anunci\u00f3 la suspensi\u00f3n de clases en todo el pa\u00eds, hasta el 31 de marzo, en todos los niveles educativos, el cierre de las fronteras del pa\u00eds por 15 d\u00edas, la suspensi\u00f3n de espect\u00e1culos masivos, otorgarles licencia a los mayores de 65 a\u00f1os y el cierre de todos los parques nacionales.<\/p>\n<p>En Mendoza, el Gobernador Rodolfo Suarez sostuvo: \u201cVamos a adherir a lo dispuesto por la Naci\u00f3n. Queremos dejar de lado cuestiones partidarias y actuar con armon\u00eda ante esta situaci\u00f3n\u201d.\u00a0 Adem\u00e1s, el mandatario provincial anunci\u00f3 una serie de medidas complementarias para la provincia, pese a que \u201ctodav\u00eda no tenemos ning\u00fan caso confirmado en Mendoza\u201d.<\/p>\n<p>Acompa\u00f1ado por el vicegobernador, Mario Abed, y sus ministros, Suarez les pidi\u00f3 a los mendocinos \u201cquedarse en sus casas. Hay que evitar todo tipo de concentraci\u00f3n de personas. Quienes puedan realizar el trabajo desde el hogar, h\u00e1ganlo. Esta es la \u00fanica manera en la que podemos dar una guerra diferente ante esta enfermedad que preocupa a toda la humanidad\u201d.<\/p>\n<p><strong>Suspensi\u00f3n de clases<\/strong><\/p>\n<p>Entre las medidas complementarias, Suarez sostuvo que, tras la suspensi\u00f3n de clases (en todos los niveles y modalidades), \u201cquienes tengan que cuidar a sus hijos pueden quedarse en casa. Aquellas maestras que tengan hijos y no tengan con quien dejarlos no van a tener la obligaci\u00f3n de ir a las escuelas, lo fundamental es que en cada casa haya un padre cuidando a los chicos\u201d.<\/p>\n<p>\u201cMa\u00f1ana vamos a decidir c\u00f3mo hacer con los empleados p\u00fablicos para que tambi\u00e9n cuiden a los chicos. La \u00fanica forma de combatir el coronavirus es con el aislamiento y tener el menor contacto social posible\u201d, agreg\u00f3 el mandatario.<\/p>\n<p>\u201cLas escuelas van a estar abiertas para aquellos que lo necesiten. Con los intendentes y la Direcci\u00f3n General de Escuelas vamos a ver c\u00f3mo garantizamos la merienda de todos los chicos\u201d, complet\u00f3 Suarez.<\/p>\n<p><strong>Cierre de fronteras<br \/>\n<\/strong><\/p>\n<p>Sobre el cierre de fronteras que dispuso el Presidente de la Naci\u00f3n, Suarez dijo que le solicitar\u00e1 la Presidente el cierre de los dos pasos fronterizos de la provincia. Agreg\u00f3: \u201cFestejamos el cierre de fronteras, pero nosotros en Mendoza no hemos tenido casos positivos y los sospechosos han dado negativo, entonces queremos ser prudentes y los argentinos que vayan a Chile y vuelvan se queden en cuarentena, le vamos hacer un pedido al Gobierno nacional para esto\u201d.<\/p>\n<p>Adem\u00e1s, agreg\u00f3: \u201cVamos a pedir el cierre del aeropuerto provincial al Gobierno nacional para que no haya ning\u00fan tipo de circulaci\u00f3n, todos los diputados nacionales apoyan este pedido\u201d.<\/p>\n<p><strong>Suspensi\u00f3n de actividades<\/strong><\/p>\n<p>Suarez volvi\u00f3 a pedirles a los mendocinos que sean \u201cprudentes para que no haya aglomeraciones. Les pido eso tambi\u00e9n a los due\u00f1os de supermercados y shoppings. Al Poder Judicial le voy a pedir que establezca una feria. Creo que es prudente. Lo mismo para la Legislatura\u201d.<\/p>\n<p>\u201cQuedan suspendidas las actividades en boliches como tambi\u00e9n en fiestas, cumplea\u00f1os de 15, casamientos. Cierran los casinos y cines y los restaurantes quedar\u00e1n funcionando al 50 por ciento de su capacidad\u201d, resalt\u00f3 el mandatario.<\/p>\n<p>\u201cHemos convocado a todos los intendentes de la provincia para que limiten las actividades en todos los lugares de esparcimiento para ni\u00f1os, como son los parques\u201d, destac\u00f3 Suarez.<\/p>\n<p><strong>Comercio<\/strong><\/p>\n<p>En referencia a la actividad comercial, el Gobernador dijo: \u201cVamos a pedir al Gobierno nacional que se proh\u00edban los despidos en el pa\u00eds, ya que esto va a afectar mucho al sector tur\u00edstico, como tambi\u00e9n vamos a pedir cr\u00e9ditos para las pymes y un programa para la econom\u00eda informal. Comercios y supermercados seguir\u00e1n funcionando y por favor les pido que seamos prudentes a la hora de comprar y que se grad\u00fae el ingreso de clientes para que no haya aglomeraci\u00f3n\u201d.<\/p>\n<p><strong>Tr\u00e1mites en el Estado<\/strong><\/p>\n<p>En relaci\u00f3n con el funcionamiento del resto de la provincia, el jefe del Ejecutivo dijo: \u201cLes pedimos que a la administraci\u00f3n p\u00fablica vayan solo los que tengan turno para hacer tr\u00e1mites. Al Poder Legislativo vamos a pedirle que le den tratamiento urgente a la ley de emergencia sanitaria y financiera para enfrentar la situaci\u00f3n\u201d.<\/p>\n<p><strong>Contenci\u00f3n y mitigaci\u00f3n<\/strong><\/p>\n<p>\u201cEsto no significa que haya que entrar en p\u00e1nico. Mendoza no tiene casos, estamos actuando con todos los protocolos y est\u00e1n funcionando\u201d, subray\u00f3 el mandatario.<\/p>\n<p>\u201cVamos a ser pioneros en extremar las medias, estamos en la etapa de contenci\u00f3n y mitigaci\u00f3n, ya que hemos puesto \u00e9nfasis en la limpieza del transporte p\u00fablico y dem\u00e1s espacios. Les pedimos a todos los mendocinos que nos quedemos en nuestras casas. Todos los que puedan, que lo hagan\u201d, resalt\u00f3.<\/p>\n<p><strong>Servicios p\u00fablicos<\/strong><\/p>\n<p>\u201cEn cuanto al transporte, estamos trabajando en las medidas relacionadas al horario de comercio. Veremos de hacer un horario corrido para que se reduzca al 50% el transporte p\u00fablico de pasajeros\u201d, se\u00f1al\u00f3.<\/p>\n<p><strong>Salud<\/strong><\/p>\n<p>\u201cEstamos trabajando en fortalecer la capacidad resolutiva de los hospitales incorporando camas para terapia intensiva y tambi\u00e9n uniendo camas del sector p\u00fablico con el privado para hacer m\u00e1s lento el pico de la enfermedad y que los hospitales no colapsen. Hemos tenido 16 casos sospechosos y tenemos 10 internados, 9 casos esperando resultados y uno internado por gripe\u201d, sostuvo.<\/p>\n<p><strong>Tarjeta Alimentar<\/strong><\/p>\n<p>\u201cLuego de los anuncios realizados por el Presidente de la Naci\u00f3n, se suspende el cronograma previsto para la entrega de la tarjeta Alimentar, en todo el pa\u00eds. En los pr\u00f3ximos d\u00edas anunciaremos c\u00f3mo ser\u00e1n entregadas para evitar aglomeraci\u00f3n de personas\u201d, asever\u00f3.<\/p>\n<h5><em>F.B.<\/em><\/h5>\n","protected":false},"excerpt":{"rendered":"<p>Licencias para padres de los alumnos que no tendr\u00e1n clases en todos los niveles y modalidades, ampliaci\u00f3n del rango etario para &#8230;<\/p>\n","protected":false},"author":8,"featured_media":66189,"comment_status":"open","ping_status":"open","sticky":false,"template":"","format":"standard","meta":{"footnotes":""},"categories":[5,62],"tags":[],"class_list":["post-66184","post","type-post","status-publish","format-standard","has-post-thumbnail","hentry","category-actualidad","category-coronavirus"],"_links":{"self":[{"href":"https:\/\/vinasfm.com\/noticias\/wp-json\/wp\/v2\/posts\/66184","targetHints":{"allow":["GET"]}}],"collection":[{"href":"https:\/\/vinasfm.com\/noticias\/wp-json\/wp\/v2\/posts"}],"about":[{"href":"https:\/\/vinasfm.com\/noticias\/wp-json\/wp\/v2\/types\/post"}],"author":[{"embeddable":true,"href":"https:\/\/vinasfm.com\/noticias\/wp-json\/wp\/v2\/users\/8"}],"replies":[{"embeddable":true,"href":"https:\/\/vinasfm.com\/noticias\/wp-json\/wp\/v2\/comments?post=66184"}],"version-history":[{"count":2,"href":"https:\/\/vinasfm.com\/noticias\/wp-json\/wp\/v2\/posts\/66184\/revisions"}],"predecessor-version":[{"id":66190,"href":"https:\/\/vinasfm.com\/noticias\/wp-json\/wp\/v2\/posts\/66184\/revisions\/66190"}],"wp:featuredmedia":[{"embeddable":true,"href":"https:\/\/vinasfm.com\/noticias\/wp-json\/wp\/v2\/media\/66189"}],"wp:attachment":[{"href":"https:\/\/vinasfm.com\/noticias\/wp-json\/wp\/v2\/media?parent=66184"}],"wp:term":[{"taxonomy":"category","embeddable":true,"href":"https:\/\/vinasfm.com\/noticias\/wp-json\/wp\/v2\/categories?post=66184"},{"taxonomy":"post_tag","embeddable":true,"href":"https:\/\/vinasfm.com\/noticias\/wp-json\/wp\/v2\/tags?post=66184"}],"curies":[{"name":"wp","href":"https:\/\/api.w.org\/{rel}","templated":true}]}}