{"id":66136,"date":"2020-03-14T13:30:52","date_gmt":"2020-03-14T16:30:52","guid":{"rendered":"http:\/\/vinasfm.com\/noticias\/?p=66136"},"modified":"2020-03-17T12:46:04","modified_gmt":"2020-03-17T15:46:04","slug":"el-intendente-anuncio-las-medidas-y-recomendaciones-para-prevenir-el-coronavirus-en-alvear","status":"publish","type":"post","link":"https:\/\/vinasfm.com\/noticias\/el-intendente-anuncio-las-medidas-y-recomendaciones-para-prevenir-el-coronavirus-en-alvear\/","title":{"rendered":"EL INTENDENTE ANUNCI\u00d3 LAS MEDIDAS Y RECOMENDACIONES PARA PREVENIR EL CORONAVIRUS EN ALVEAR"},"content":{"rendered":"<h5><strong>El Intendente Walther Marcolini junto a representantes del Hospital Enfermeros Argentinos informaron sobre las medidas preventivas que se tomar\u00e1n en nuestro Departamento debido al Coronavirus.<\/strong><\/h5>\n<p>El Departamento de General Alvear adhiere a las medidas preventivas tomadas por el Gobierno Nacional y Provincial, \u201cA trav\u00e9s del decreto N\u00ba 131\/2020 se suspenden las actividades y eventos p\u00fablicos municipales de convocatoria masiva, estas medidas son preventivas\u201d, explic\u00f3 Walther Marcolini, Intendente Municipal..<\/p>\n<p>\u201c<em>Debido a estas medidas se han suspendido la vuelta Cicl\u00edstica de Alvear y la tercer fecha del Canav que estaba dispuesto para el mes de abril\u201d, <\/em>expres\u00f3 el Jefe Comunal.<\/p>\n<p>La medida alcanza a todas las actividades culturales, deportivas, de capacitaci\u00f3n, conmemorativas y recreativas, de convocatoria masiva organizadas por el Municipio. Asimismo, se solicita a los organizadores de eventos privados, la adhesi\u00f3n a dicha medida.<\/p>\n<p>Entre las actividades suspendidas se encuentran todas las del Cine Teatro Antonio Lafalla, por ello, quienes hayan abonado entradas tanto para el Cine como para el Teatro, pueden solicitar la devoluci\u00f3n del dinero.<\/p>\n<p>Las actividades administrativas, de atenci\u00f3n al p\u00fablico, de servicios municipales y obras, contin\u00faan funcionando con normalidad. Por la seguridad del personal municipal y los vecinos, los protocolos de seguridad e higiene en las instalaciones municipales, se profundizar\u00e1n.<\/p>\n<p>Las medidas tienen un alcance temporal indeterminado, sujeto a las recomendaciones del Ministerio de Salud de la Provincia de Mendoza.<\/p>\n<p>Es importante tener en cuenta que las medidas tomadas son PREVENTIVAS, por lo cual tambi\u00e9n persiguen el objetivo de llevar tranquilidad a la poblaci\u00f3n.<\/p>\n<p>Eliana Daffinoti Infect\u00f3loga del Hospital Enfermeros Argentinos: \u201c<em>las medidas de cuidado son las que todos conocemos, reforzar principalmente el lavado de manos, cubrirse con un pa\u00f1uelo o con el pliegue del brazo si estornudamos, mantener la desinfecci\u00f3n de las superficies, no concurrir a lugares con gran cantidad de gente, colocarnos alcohol en gel y ante cualquier s\u00edntoma llamar al 0800<\/em>\u201d.<\/p>\n<p>En la misma l\u00ednea agreg\u00f3: \u201c<em>Es importante saber que esto son medidas preventivas, que adoptemos estas medidas desde ahora para lograr la menor transmisi\u00f3n posible, esto hace a la responsabilidad social y de cada persona, tambi\u00e9n es importante saber las personas que deben tener aislamiento, de que pa\u00edses vienen, China, Jap\u00f3n, Corea del Sur, Ir\u00e1n, Estados Unidos y toda Europa\u201d.<\/em><\/p>\n<p>\u201c<em>Para ser sospechoso de tener esta patolog\u00eda tiene que cumplir con dos opciones que haya viajado a alguno de los pa\u00edses nombrados anteriormente o haber estado en contacto con alguien que haya viajado y tener s\u00edntomas como\u00a0 Fiebre, tos, dolor de garganta o falta de aire, esto que quiere decir, que no todo aquel que tenga fiebre o tos tiene coronavirus<\/em>\u201d dijo Daffinoti.<\/p>\n<p>\u201c<em>El porcentaje de letalidad de esta enfermedad es muy baja, menos al 2%, pero el n\u00famero de afectados es alt\u00edsimo eso hace que nos asustemos, hay otras enfermedades que tienen mayor mortalidad, lo importante es que no tenemos circulaci\u00f3n viral sostenida en el Pa\u00eds, pero no tenemos que concentrarnos en eso, tenemos que poner el foco en las medidas de prevenci\u00f3n<\/em>\u201d, finaliz\u00f3 Daffinoti.<\/p>\n<p>\u00ab<em>El hospital tiene habilitado el 0800-800-26843, como la consulta M\u00e9dica On Line para todos aquellos que tengan s\u00edntomas y que hayan viajado al exterior, es para que no tengan que acercarse al hospital o al centro de salud m\u00e1s cerca, esto es parte del protocolo<\/em>\u201d dijo Fabio G\u00f3mez Parra, Director del Hospital Enfermeros Argentinos.<\/p>\n<p>El hospital Enfermeros Argentinos no es el lugar donde se va a internar al paciente que tenga esta patolog\u00eda, \u00ab<em>esto lo resuelve la provincia, en nuestro caso se ha dispuesto el hospital Schestakow de San Rafael, es ah\u00ed donde se van a realizar los estudios para saber si la persona tiene o no esta patolog\u00eda<\/em>\u201d, finaliz\u00f3 G\u00f3mez Parra.<\/p>\n<p>El Intendente Walther Marcolini tambi\u00e9n se refiri\u00f3 a las medidas tomadas por la municipalidad ante el Coronavirus:<\/p>\n<ul>\n<li>Medida 01: Suspensi\u00f3n de actividades municipales de concurrencia masiva.<\/li>\n<li>Medida 02: Programa de Servicios para Adultos Mayores: pago de servicios, compras en farmacias y solicitudes de turnos m\u00e9dicos. Tel: 422605 (7:00 a 13:00h).<\/li>\n<li>Medida 03: Pre-Consulta M\u00e9dica On Line &#8211; Coordinar conexi\u00f3n con Hospital Enfermeros Argentinos. Tel: 422165 \/ 422857<\/li>\n<li>Medida 04: Idesa UGACOOP producir\u00e1 alcohol en gel para garantizar el producto en instituciones frecuentadas por adultos mayores.<\/li>\n<li>Medida 05: Garantizar conectividad de internet a escuelas por si es necesario brindar clases a distancia On Line.<\/li>\n<\/ul>\n<p>La municipalidad tambi\u00e9n ha realizado:<\/p>\n<ul>\n<li>Recomendaci\u00f3n 01: Solicitar al sector privado adherirse a la medida de suspensi\u00f3n de eventos de concurrencia masiva.<\/li>\n<li>Recomendaci\u00f3n 02: Solicitar a la poblaci\u00f3n evitar acudir a lugares y eventos de concurrencia masiva.<\/li>\n<li>Recomendaci\u00f3n 03: Solicitar a la poblaci\u00f3n obviar noticias falsas no certificadas como oficiales.<\/li>\n<\/ul>\n<p>\u201c<em>Desde el Honorable Concejo Deliberante anunciaron que adhieren a las medidas tomadas por el ejecutivo municipal<\/em>\u201d, cerr\u00f3 la titular del HCD, Patricia Salice.<\/p>\n<h5><em>F.B.<\/em><\/h5>\n","protected":false},"excerpt":{"rendered":"<p>El Intendente Walther Marcolini junto a representantes del Hospital Enfermeros Argentinos informaron sobre las medidas preventivas que se tomar\u00e1n en nuestro &#8230;<\/p>\n","protected":false},"author":8,"featured_media":66138,"comment_status":"open","ping_status":"open","sticky":false,"template":"","format":"standard","meta":{"footnotes":""},"categories":[5,62],"tags":[],"class_list":["post-66136","post","type-post","status-publish","format-standard","has-post-thumbnail","hentry","category-actualidad","category-coronavirus"],"_links":{"self":[{"href":"https:\/\/vinasfm.com\/noticias\/wp-json\/wp\/v2\/posts\/66136","targetHints":{"allow":["GET"]}}],"collection":[{"href":"https:\/\/vinasfm.com\/noticias\/wp-json\/wp\/v2\/posts"}],"about":[{"href":"https:\/\/vinasfm.com\/noticias\/wp-json\/wp\/v2\/types\/post"}],"author":[{"embeddable":true,"href":"https:\/\/vinasfm.com\/noticias\/wp-json\/wp\/v2\/users\/8"}],"replies":[{"embeddable":true,"href":"https:\/\/vinasfm.com\/noticias\/wp-json\/wp\/v2\/comments?post=66136"}],"version-history":[{"count":1,"href":"https:\/\/vinasfm.com\/noticias\/wp-json\/wp\/v2\/posts\/66136\/revisions"}],"predecessor-version":[{"id":66139,"href":"https:\/\/vinasfm.com\/noticias\/wp-json\/wp\/v2\/posts\/66136\/revisions\/66139"}],"wp:featuredmedia":[{"embeddable":true,"href":"https:\/\/vinasfm.com\/noticias\/wp-json\/wp\/v2\/media\/66138"}],"wp:attachment":[{"href":"https:\/\/vinasfm.com\/noticias\/wp-json\/wp\/v2\/media?parent=66136"}],"wp:term":[{"taxonomy":"category","embeddable":true,"href":"https:\/\/vinasfm.com\/noticias\/wp-json\/wp\/v2\/categories?post=66136"},{"taxonomy":"post_tag","embeddable":true,"href":"https:\/\/vinasfm.com\/noticias\/wp-json\/wp\/v2\/tags?post=66136"}],"curies":[{"name":"wp","href":"https:\/\/api.w.org\/{rel}","templated":true}]}}