{"id":66103,"date":"2020-03-13T10:32:59","date_gmt":"2020-03-13T13:32:59","guid":{"rendered":"http:\/\/vinasfm.com\/noticias\/?p=66103"},"modified":"2020-03-14T09:14:27","modified_gmt":"2020-03-14T12:14:27","slug":"coronavirus-alvear-suspendio-todas-las-actividades-culturales-deportivas-y-recreativas","status":"publish","type":"post","link":"https:\/\/vinasfm.com\/noticias\/coronavirus-alvear-suspendio-todas-las-actividades-culturales-deportivas-y-recreativas\/","title":{"rendered":"CORONAVIRUS: ALVEAR SUSPENDI\u00d3 TODAS LAS ACTIVIDADES CULTURALES, DEPORTIVAS Y RECREATIVAS"},"content":{"rendered":"<h4><strong>General Alvear adhiere a las medidas preventivas tomadas por el Gobierno de Mendoza, por ello se suspenden las actividades y eventos p\u00fablicos municipales de convocatoria masiva. <\/strong><strong>Con la disposici\u00f3n se busca preservar y proteger a la poblaci\u00f3n de un posible contagio. <\/strong><\/h4>\n<p>La medida alcanza a TODAS LAS ACTIVIDADES CULTURALES, DEPORTIVAS, de CAPACITACI\u00d3N, CONMEMORATIVAS y RECREATIVAS, de convocatoria masiva organizadas por el Municipio. Asimismo, se solicita a los organizadores de eventos privados, la adhesi\u00f3n a dicha medida.<\/p>\n<p>El comienzo de la Liga Alvearense de F\u00fatbol se desarrollar\u00e1 a puertas cerradas.<\/p>\n<p>Entre las actividades suspendidas se encuentran todas las del Cine Teatro Antonio Lafalla, por ello, quienes hayan abonado entradas tanto para el Cine como para el Teatro, pueden solicitar la devoluci\u00f3n del dinero, o canjear entradas en el caso del Cine, a partir de ma\u00f1ana, de martes a viernes de 16 a 20hs.<\/p>\n<p>Las actividades administrativas, de atenci\u00f3n al p\u00fablico, de servicios municipales y obras, contin\u00faan funcionando con normalidad. Por la seguridad del personal municipal y los vecinos, los protocolos de seguridad e higiene en las instalaciones municipales, se profundizar\u00e1n.<\/p>\n<p>Las medidas tienen un alcance temporal indeterminado, sujeto a las recomendaciones del Ministerio de Salud de la Provincia de Mendoza.<\/p>\n<h5><strong>Algunos de los eventos <\/strong><strong>art\u00edsticos y culturales <\/strong><strong>suspendidos<\/strong><\/h5>\n<ul>\n<li>Presentaci\u00f3n del libro \u201cMendoza Tiembla\u201d<\/li>\n<li>Tributo a Carlos Rivera a cargo de Mat\u00edas Fredes<\/li>\n<li>Muestra de arte colectiva \u201cEl Reencuentro\u201d<\/li>\n<li>Presentaci\u00f3n art\u00edstica de \u201cLate Danza\u201d<\/li>\n<li>Actuaci\u00f3n de \u201cFlamenco y m\u00e1s\u201d<\/li>\n<li>Estrenos en el Cine \u201cAntonio Lafalla\u201d<\/li>\n<li>Agenda deportiva<\/li>\n<\/ul>\n<p>Recordamos que las medidas tomadas son PREVENTIVAS, por lo cual tambi\u00e9n persiguen el objetivo de llevar tranquilidad a la poblaci\u00f3n.<\/p>\n<p><em>F.B.<\/em><\/p>\n<p>&nbsp;<\/p>\n","protected":false},"excerpt":{"rendered":"<p>General Alvear adhiere a las medidas preventivas tomadas por el Gobierno de Mendoza, por ello se suspenden las actividades y eventos &#8230;<\/p>\n","protected":false},"author":8,"featured_media":39800,"comment_status":"open","ping_status":"open","sticky":false,"template":"","format":"standard","meta":{"footnotes":""},"categories":[5,62],"tags":[],"class_list":["post-66103","post","type-post","status-publish","format-standard","has-post-thumbnail","hentry","category-actualidad","category-coronavirus"],"_links":{"self":[{"href":"https:\/\/vinasfm.com\/noticias\/wp-json\/wp\/v2\/posts\/66103","targetHints":{"allow":["GET"]}}],"collection":[{"href":"https:\/\/vinasfm.com\/noticias\/wp-json\/wp\/v2\/posts"}],"about":[{"href":"https:\/\/vinasfm.com\/noticias\/wp-json\/wp\/v2\/types\/post"}],"author":[{"embeddable":true,"href":"https:\/\/vinasfm.com\/noticias\/wp-json\/wp\/v2\/users\/8"}],"replies":[{"embeddable":true,"href":"https:\/\/vinasfm.com\/noticias\/wp-json\/wp\/v2\/comments?post=66103"}],"version-history":[{"count":2,"href":"https:\/\/vinasfm.com\/noticias\/wp-json\/wp\/v2\/posts\/66103\/revisions"}],"predecessor-version":[{"id":66132,"href":"https:\/\/vinasfm.com\/noticias\/wp-json\/wp\/v2\/posts\/66103\/revisions\/66132"}],"wp:featuredmedia":[{"embeddable":true,"href":"https:\/\/vinasfm.com\/noticias\/wp-json\/wp\/v2\/media\/39800"}],"wp:attachment":[{"href":"https:\/\/vinasfm.com\/noticias\/wp-json\/wp\/v2\/media?parent=66103"}],"wp:term":[{"taxonomy":"category","embeddable":true,"href":"https:\/\/vinasfm.com\/noticias\/wp-json\/wp\/v2\/categories?post=66103"},{"taxonomy":"post_tag","embeddable":true,"href":"https:\/\/vinasfm.com\/noticias\/wp-json\/wp\/v2\/tags?post=66103"}],"curies":[{"name":"wp","href":"https:\/\/api.w.org\/{rel}","templated":true}]}}