{"id":66066,"date":"2020-03-12T06:54:48","date_gmt":"2020-03-12T09:54:48","guid":{"rendered":"http:\/\/vinasfm.com\/noticias\/?p=66066"},"modified":"2020-03-13T09:05:52","modified_gmt":"2020-03-13T12:05:52","slug":"pronostico-otonal-para-los-ultimos-dias-de-la-semana","status":"publish","type":"post","link":"https:\/\/vinasfm.com\/noticias\/pronostico-otonal-para-los-ultimos-dias-de-la-semana\/","title":{"rendered":"PRONOSTICO OTO\u00d1AL PARA LOS \u00daLTIMOS D\u00cdAS DE LA SEMANA"},"content":{"rendered":"<h4><strong>Se va despidiendo el verano en Mendoza y el oto\u00f1o empieza a asomarse. La temperatura desciende y las jornadas se tornan m\u00e1s agradables.<\/strong><\/h4>\n<p>Seg\u00fan la Direcci\u00f3n de Agricultura y Contingencias Clim\u00e1ticas para este jueves 12 de marzo, se espera \u00ab<strong><em>nubosidad variable con descenso de la temperatura, vientos moderados del sudeste. Inestable hacia la noche\u00bb. La m\u00e1xima alcanzar\u00e1 los\u00a0 32\u00baC.<\/em><\/strong><\/p>\n<p>Para ma\u00f1ana viernes se indica \u201cNubosidad variable con poco cambio de la temperatura, vientos leves del sudeste. Tormentas hacia la noche. M\u00e1xima: 32\u00baC M\u00ednima: 17\u00baC\u201d.<\/p>\n<p>Durante el fin de semana las temperaturas se mantendr\u00edan a la baja y con cielo nublado.<\/p>\n<h5><strong><em>A.C.<\/em><\/strong><\/h5>\n","protected":false},"excerpt":{"rendered":"<p>Se va despidiendo el verano en Mendoza y el oto\u00f1o empieza a asomarse. La temperatura desciende y las jornadas se tornan &#8230;<\/p>\n","protected":false},"author":7,"featured_media":38021,"comment_status":"open","ping_status":"open","sticky":false,"template":"","format":"standard","meta":{"footnotes":""},"categories":[1],"tags":[],"class_list":["post-66066","post","type-post","status-publish","format-standard","has-post-thumbnail","hentry","category-fmvinas"],"_links":{"self":[{"href":"https:\/\/vinasfm.com\/noticias\/wp-json\/wp\/v2\/posts\/66066","targetHints":{"allow":["GET"]}}],"collection":[{"href":"https:\/\/vinasfm.com\/noticias\/wp-json\/wp\/v2\/posts"}],"about":[{"href":"https:\/\/vinasfm.com\/noticias\/wp-json\/wp\/v2\/types\/post"}],"author":[{"embeddable":true,"href":"https:\/\/vinasfm.com\/noticias\/wp-json\/wp\/v2\/users\/7"}],"replies":[{"embeddable":true,"href":"https:\/\/vinasfm.com\/noticias\/wp-json\/wp\/v2\/comments?post=66066"}],"version-history":[{"count":1,"href":"https:\/\/vinasfm.com\/noticias\/wp-json\/wp\/v2\/posts\/66066\/revisions"}],"predecessor-version":[{"id":66067,"href":"https:\/\/vinasfm.com\/noticias\/wp-json\/wp\/v2\/posts\/66066\/revisions\/66067"}],"wp:featuredmedia":[{"embeddable":true,"href":"https:\/\/vinasfm.com\/noticias\/wp-json\/wp\/v2\/media\/38021"}],"wp:attachment":[{"href":"https:\/\/vinasfm.com\/noticias\/wp-json\/wp\/v2\/media?parent=66066"}],"wp:term":[{"taxonomy":"category","embeddable":true,"href":"https:\/\/vinasfm.com\/noticias\/wp-json\/wp\/v2\/categories?post=66066"},{"taxonomy":"post_tag","embeddable":true,"href":"https:\/\/vinasfm.com\/noticias\/wp-json\/wp\/v2\/tags?post=66066"}],"curies":[{"name":"wp","href":"https:\/\/api.w.org\/{rel}","templated":true}]}}