{"id":66036,"date":"2020-03-12T09:00:58","date_gmt":"2020-03-12T12:00:58","guid":{"rendered":"http:\/\/vinasfm.com\/noticias\/?p=66036"},"modified":"2020-03-13T08:42:16","modified_gmt":"2020-03-13T11:42:16","slug":"se-entregaron-2-viviendas-semillas-correspondientes-al-plan-habitat","status":"publish","type":"post","link":"https:\/\/vinasfm.com\/noticias\/se-entregaron-2-viviendas-semillas-correspondientes-al-plan-habitat\/","title":{"rendered":"SE ENTREGARON 2 VIVIENDAS SEMILLAS CORRESPONDIENTES AL PLAN H\u00c1BITAT"},"content":{"rendered":"<h4><strong>El Intendente Walther Marcolini junto a representantes del Instituto Provincial de la Vivienda realizaron entrega de dos viviendas semillas a familias del San Miguel Arc\u00e1ngel en el marco del Programa H\u00e1bitat.<\/strong><\/h4>\n<p>\u201cEsto se realiza para darle soluci\u00f3n a personas vulnerables, los lotes son significativos se ha realizado un trabajo importante porque antes ac\u00e1 era un basural y se ha hecho una compactaci\u00f3n muy bien, tambi\u00e9n se hizo cloacas, urbanizaci\u00f3n, todo lo que comprende el Plan H\u00e1bitat\u201d expres\u00f3 Fabi\u00e1n Jim\u00e9nez Director de Vivienda.<\/p>\n<p>Las viviendas semilla, si bien no alcanzan a ser casas completas, comprenden la entrega de terrenos y un n\u00facleo h\u00famedo que incluye ba\u00f1o, cocina y comedor, con una muy buena calidad de materiales, adem\u00e1s brinda la posibilidad de ampliaci\u00f3n. <a href=\"http:\/\/vinasfm.com\/noticias\/wp-content\/uploads\/2020\/03\/Entrega-de-dos-viviendas-semillas-en-el-Barrio-San-Miguel-\u00c1rcangel-2-scaled.jpg\"><img loading=\"lazy\" decoding=\"async\" class=\"size-medium wp-image-66038 alignleft\" src=\"http:\/\/vinasfm.com\/noticias\/wp-content\/uploads\/2020\/03\/Entrega-de-dos-viviendas-semillas-en-el-Barrio-San-Miguel-\u00c1rcangel-2-300x200.jpg\" alt=\"\" width=\"300\" height=\"200\" srcset=\"https:\/\/vinasfm.com\/noticias\/wp-content\/uploads\/2020\/03\/Entrega-de-dos-viviendas-semillas-en-el-Barrio-San-Miguel-\u00c1rcangel-2-300x200.jpg 300w, https:\/\/vinasfm.com\/noticias\/wp-content\/uploads\/2020\/03\/Entrega-de-dos-viviendas-semillas-en-el-Barrio-San-Miguel-\u00c1rcangel-2-1024x683.jpg 1024w, https:\/\/vinasfm.com\/noticias\/wp-content\/uploads\/2020\/03\/Entrega-de-dos-viviendas-semillas-en-el-Barrio-San-Miguel-\u00c1rcangel-2-768x512.jpg 768w, https:\/\/vinasfm.com\/noticias\/wp-content\/uploads\/2020\/03\/Entrega-de-dos-viviendas-semillas-en-el-Barrio-San-Miguel-\u00c1rcangel-2-1536x1024.jpg 1536w, https:\/\/vinasfm.com\/noticias\/wp-content\/uploads\/2020\/03\/Entrega-de-dos-viviendas-semillas-en-el-Barrio-San-Miguel-\u00c1rcangel-2-2048x1365.jpg 2048w\" sizes=\"auto, (max-width: 300px) 100vw, 300px\" \/><\/a><\/p>\n<p>\u201cEste terreno en el 2016 tuvo una inundaci\u00f3n muy importante alrededor de 20 a 50 cm, en ese momento, con la gente de Desarrollo Social tuvimos que asistir a las familias y ahora con las obras de urbanizaci\u00f3n, cunetas, cord\u00f3n y el desag\u00fce pluvial ya no existe m\u00e1s el peligro de inundaci\u00f3n\u201d.<\/p>\n<p>Las viviendas est\u00e1n ubicadas en el Barrio San Miguel Arc\u00e1ngel, Manzana J, entre calle P\u00fablica VI y P\u00fablica VII, son dos familias las beneficiadas en esta ocasi\u00f3n quienes podr\u00e1n disfrutar de una vivienda propia. <a href=\"http:\/\/vinasfm.com\/noticias\/wp-content\/uploads\/2020\/03\/Entrega-de-dos-viviendas-semillas-en-el-Barrio-San-Miguel-\u00c1rcangel-3-scaled.jpg\"><img loading=\"lazy\" decoding=\"async\" class=\"size-medium wp-image-66039 alignright\" src=\"http:\/\/vinasfm.com\/noticias\/wp-content\/uploads\/2020\/03\/Entrega-de-dos-viviendas-semillas-en-el-Barrio-San-Miguel-\u00c1rcangel-3-300x200.jpg\" alt=\"\" width=\"300\" height=\"200\" srcset=\"https:\/\/vinasfm.com\/noticias\/wp-content\/uploads\/2020\/03\/Entrega-de-dos-viviendas-semillas-en-el-Barrio-San-Miguel-\u00c1rcangel-3-300x200.jpg 300w, https:\/\/vinasfm.com\/noticias\/wp-content\/uploads\/2020\/03\/Entrega-de-dos-viviendas-semillas-en-el-Barrio-San-Miguel-\u00c1rcangel-3-1024x683.jpg 1024w, https:\/\/vinasfm.com\/noticias\/wp-content\/uploads\/2020\/03\/Entrega-de-dos-viviendas-semillas-en-el-Barrio-San-Miguel-\u00c1rcangel-3-768x512.jpg 768w, https:\/\/vinasfm.com\/noticias\/wp-content\/uploads\/2020\/03\/Entrega-de-dos-viviendas-semillas-en-el-Barrio-San-Miguel-\u00c1rcangel-3-1536x1024.jpg 1536w, https:\/\/vinasfm.com\/noticias\/wp-content\/uploads\/2020\/03\/Entrega-de-dos-viviendas-semillas-en-el-Barrio-San-Miguel-\u00c1rcangel-3-2048x1365.jpg 2048w\" sizes=\"auto, (max-width: 300px) 100vw, 300px\" \/><\/a><\/p>\n<p>Fabricio Moroccolo, Delegado Zona Sur IPV dijo \u201cestas entregas de vivienda semillas se vienen realizando del a\u00f1o pasado el objetivo principal es darle una calidad mejor de vida a la gente, la calidad de vida que se merece el vecino, la intenci\u00f3n ha sido siempre dejar a la gente en una calidad superior a la que ten\u00eda y es lo que hemos logrado a trav\u00e9s de estas viviendas. Hemos entregado hasta el momento 15\u201d.<\/p>\n<p>\u201cEstas vivienda son subsidiadas al 100% ciento, la idea es que las familias las ampl\u00eden, los casos que reciben las viviendas semillas siempre son casos extremos, en esta ocasi\u00f3n es una familia de adulto mayor que no ten\u00edan una vivienda propia y una madre sost\u00e9n de familia que se le quem\u00f3 su vivienda, que es empleada municipal, trabaja con nosotros en la parte de tesorer\u00eda\u201d, manifest\u00f3 Walther Marcolini,\u00a0 Intendente de Gral. Alvear.<\/p>\n<p>\u201cEste era un lugar, un terreno donde hab\u00eda un basural, donde ten\u00edamos problemas de roedores, hoy en menos de seis meses es un lugar digno, se construyeron casas, con pilastras, con infraestructuras, con urbanizaci\u00f3n, sin duda esto es lo que hay que hacer\u201d finaliz\u00f3 Marcolini.<\/p>\n<p>Cristina Riveros, Beneficiaria muy emocionada agradeci\u00f3 al Intendente por la vivienda \u201cno puedo hablar de la emoci\u00f3n que siento, hace mucho tiempo que la estaba esperando y ahora se me cumpli\u00f3 el sue\u00f1o\u201d.<\/p>\n<h5><strong><em>A.C.<\/em><\/strong><\/h5>\n","protected":false},"excerpt":{"rendered":"<p>El Intendente Walther Marcolini junto a representantes del Instituto Provincial de la Vivienda realizaron entrega de dos viviendas semillas a familias &#8230;<\/p>\n","protected":false},"author":7,"featured_media":66037,"comment_status":"open","ping_status":"open","sticky":false,"template":"","format":"standard","meta":{"footnotes":""},"categories":[5,31],"tags":[],"class_list":["post-66036","post","type-post","status-publish","format-standard","has-post-thumbnail","hentry","category-actualidad","category-desarrollo-social"],"_links":{"self":[{"href":"https:\/\/vinasfm.com\/noticias\/wp-json\/wp\/v2\/posts\/66036","targetHints":{"allow":["GET"]}}],"collection":[{"href":"https:\/\/vinasfm.com\/noticias\/wp-json\/wp\/v2\/posts"}],"about":[{"href":"https:\/\/vinasfm.com\/noticias\/wp-json\/wp\/v2\/types\/post"}],"author":[{"embeddable":true,"href":"https:\/\/vinasfm.com\/noticias\/wp-json\/wp\/v2\/users\/7"}],"replies":[{"embeddable":true,"href":"https:\/\/vinasfm.com\/noticias\/wp-json\/wp\/v2\/comments?post=66036"}],"version-history":[{"count":1,"href":"https:\/\/vinasfm.com\/noticias\/wp-json\/wp\/v2\/posts\/66036\/revisions"}],"predecessor-version":[{"id":66040,"href":"https:\/\/vinasfm.com\/noticias\/wp-json\/wp\/v2\/posts\/66036\/revisions\/66040"}],"wp:featuredmedia":[{"embeddable":true,"href":"https:\/\/vinasfm.com\/noticias\/wp-json\/wp\/v2\/media\/66037"}],"wp:attachment":[{"href":"https:\/\/vinasfm.com\/noticias\/wp-json\/wp\/v2\/media?parent=66036"}],"wp:term":[{"taxonomy":"category","embeddable":true,"href":"https:\/\/vinasfm.com\/noticias\/wp-json\/wp\/v2\/categories?post=66036"},{"taxonomy":"post_tag","embeddable":true,"href":"https:\/\/vinasfm.com\/noticias\/wp-json\/wp\/v2\/tags?post=66036"}],"curies":[{"name":"wp","href":"https:\/\/api.w.org\/{rel}","templated":true}]}}