{"id":66019,"date":"2020-03-11T10:07:12","date_gmt":"2020-03-11T13:07:12","guid":{"rendered":"http:\/\/vinasfm.com\/noticias\/?p=66019"},"modified":"2020-03-11T10:12:02","modified_gmt":"2020-03-11T13:12:02","slug":"que-se-reclama-en-el-paro-del-campo-y-como-afecta-a-las-economias-regionales","status":"publish","type":"post","link":"https:\/\/vinasfm.com\/noticias\/que-se-reclama-en-el-paro-del-campo-y-como-afecta-a-las-economias-regionales\/","title":{"rendered":"\u00bfQU\u00c9 SE RECLAMA EN EL \u201cPARO\u201d DEL CAMPO Y C\u00d3MO AFECTA A LAS ECONOM\u00cdAS REGIONALES?"},"content":{"rendered":"<h4><strong>Ante un aumento en el porcentaje de retenciones a la soja, sectores del campo argentino establecieron el cese de comercializaci\u00f3n de numerosos productos, a modo de protesta desde el lunes 10 al viernes 14 de marzo. En dialogo con F.M. Vi\u00f1as Carlos Achetoni, Presidente de Federaci\u00f3n Agraria Argentina explic\u00f3 el panorama.<\/strong><\/h4>\n<p>\u00abSe menciona que son solo tres puntos porcentuales, parece insignificante, pero en muchos casos significa la rentabilidad del productor\u00bb, manifest\u00f3 el dirigente rural.<\/p>\n<p>Tambi\u00e9n reconoci\u00f3 que existen muchos productores que no est\u00e1n de acuerdo con el paro, porque consideran que se benefician con las menores al\u00edcuotas para econom\u00edas regionales y por la segmentaci\u00f3n que beneficiar\u00eda a los m\u00e1s peque\u00f1os.<\/p>\n<p>De todos modos, Achetoni abri\u00f3 un par\u00e9ntesis de dudas porque record\u00f3 que el l\u00edmite no es solo para los que producen menos de mil toneladas sino tambi\u00e9n para los que facturan menos de 15 millones de pesos. \u00abHay productores chicos que tienen m\u00e1s de una producci\u00f3n, por ejemplo tambi\u00e9n son ganaderos, y que quedar\u00edan afuera del beneficio\u00bb, advirti\u00f3.<\/p>\n<p>Sobre este punto, vale recordar que el Gobierno a\u00fan sigue sin precisar c\u00f3mo se instrumentar\u00e1n las compensaciones anunciadas.<\/p>\n<p>Achetoni explic\u00f3 que ante este panorama los grandes \u00b4productores pueden especular, y los peque\u00f1os y medianos productores quedan cada vez\u00a0 m\u00e1s cerca de trabajar a p\u00e9rdida.<\/p>\n<p>En lo referido a econom\u00edas regionales y como afectan esta medidas el dirigente ruralista se\u00f1al\u00f3 que \u201clas econom\u00edas regionales si bien no son potentes, la potencialidad est\u00e1 en la generaci\u00f3n de empleo. Aprovechamos la rentabilidad de la soja o estrujamos a la producci\u00f3n y dejamos que las econom\u00edas regionales se sigan cayendo y en manos del giro a otra matriz productiva, como miner\u00eda y petr\u00f3leo\u201d<\/p>\n<p>\u201cEstamos desestimando la productividad de las econom\u00edas regionales\u201d, sostuvo.<\/p>\n<p>B\u00e1sicamente se pide que \u201cel que produce soja tenga rentabilidad y de lo que toma el gobierno, hacer eficiencia y redistribuir en las distintas cadenas productivas para que arm\u00f3nicamente este pa\u00eds se pueda reactivar\u201d.<\/p>\n<p>La retenciones a los productos mendocinos (vinos y frutales) se han mantenido al mismo nivel.<\/p>\n<h5><strong><em>A.C.<\/em><\/strong><\/h5>\n<p>&nbsp;<\/p>\n<p>&nbsp;<\/p>\n","protected":false},"excerpt":{"rendered":"<p>Ante un aumento en el porcentaje de retenciones a la soja, sectores del campo argentino establecieron el cese de comercializaci\u00f3n de &#8230;<\/p>\n","protected":false},"author":7,"featured_media":66020,"comment_status":"open","ping_status":"open","sticky":false,"template":"","format":"standard","meta":{"footnotes":""},"categories":[5,14],"tags":[],"class_list":["post-66019","post","type-post","status-publish","format-standard","has-post-thumbnail","hentry","category-actualidad","category-agro"],"_links":{"self":[{"href":"https:\/\/vinasfm.com\/noticias\/wp-json\/wp\/v2\/posts\/66019","targetHints":{"allow":["GET"]}}],"collection":[{"href":"https:\/\/vinasfm.com\/noticias\/wp-json\/wp\/v2\/posts"}],"about":[{"href":"https:\/\/vinasfm.com\/noticias\/wp-json\/wp\/v2\/types\/post"}],"author":[{"embeddable":true,"href":"https:\/\/vinasfm.com\/noticias\/wp-json\/wp\/v2\/users\/7"}],"replies":[{"embeddable":true,"href":"https:\/\/vinasfm.com\/noticias\/wp-json\/wp\/v2\/comments?post=66019"}],"version-history":[{"count":1,"href":"https:\/\/vinasfm.com\/noticias\/wp-json\/wp\/v2\/posts\/66019\/revisions"}],"predecessor-version":[{"id":66021,"href":"https:\/\/vinasfm.com\/noticias\/wp-json\/wp\/v2\/posts\/66019\/revisions\/66021"}],"wp:featuredmedia":[{"embeddable":true,"href":"https:\/\/vinasfm.com\/noticias\/wp-json\/wp\/v2\/media\/66020"}],"wp:attachment":[{"href":"https:\/\/vinasfm.com\/noticias\/wp-json\/wp\/v2\/media?parent=66019"}],"wp:term":[{"taxonomy":"category","embeddable":true,"href":"https:\/\/vinasfm.com\/noticias\/wp-json\/wp\/v2\/categories?post=66019"},{"taxonomy":"post_tag","embeddable":true,"href":"https:\/\/vinasfm.com\/noticias\/wp-json\/wp\/v2\/tags?post=66019"}],"curies":[{"name":"wp","href":"https:\/\/api.w.org\/{rel}","templated":true}]}}