{"id":65995,"date":"2020-03-11T09:21:01","date_gmt":"2020-03-11T12:21:01","guid":{"rendered":"http:\/\/vinasfm.com\/noticias\/?p=65995"},"modified":"2020-03-11T10:12:10","modified_gmt":"2020-03-11T13:12:10","slug":"accidente-en-pleno-centro-una-moto-y-un-vehiculo-colisionaron-en-av-alvear-oeste","status":"publish","type":"post","link":"https:\/\/vinasfm.com\/noticias\/accidente-en-pleno-centro-una-moto-y-un-vehiculo-colisionaron-en-av-alvear-oeste\/","title":{"rendered":"ACCIDENTE EN PLENO CENTRO: UNA MOTO Y UN VEH\u00cdCULO COLISIONARON EN AV. ALVEAR OESTE"},"content":{"rendered":"<h5><strong>Un motociclista termin\u00f3 con varios golpes luego de protagonizar junto con un veh\u00edculo un accidente de tr\u00e1nsito en Avenida Alvear Oeste y Belgrano de Ciudad. <\/strong><\/h5>\n<p>Cerca las 19:50h de este martes un VW Voyage, al mando de una mujer, circulaba de sur a norte por Ameghino con intenci\u00f3n de seguir su curso por calle Belgrano y en la intersecci\u00f3n con Avenida Alvear Oeste colisiona con una moto marca Corven 150cc que circulaba de este a oeste.<\/p>\n<p>Producto del impacto, el conductor del rodado menor, identificado como Mauro Juri, result\u00f3 lesionado por lo que fue trasladado al hospital \u00abEnfermeros Argentinos\u00bb donde la diagnosticaron traumatismos de t\u00f3rax escoriaciones en regi\u00f3n dorsal y codo derecho.<\/p>\n<p>En Comisar\u00eda 14\u00b0 se labraron actuaciones bajo instrucci\u00f3n de la Unidad Fiscal de Gral. Alvear.<\/p>\n<h5><em>F.B.<\/em><\/h5>\n<p>&nbsp;<\/p>\n<p>&nbsp;<\/p>\n","protected":false},"excerpt":{"rendered":"<p>Un motociclista termin\u00f3 con varios golpes luego de protagonizar junto con un veh\u00edculo un accidente de tr\u00e1nsito en Avenida Alvear Oeste &#8230;<\/p>\n","protected":false},"author":8,"featured_media":63435,"comment_status":"open","ping_status":"open","sticky":false,"template":"","format":"standard","meta":{"footnotes":""},"categories":[5,4],"tags":[],"class_list":["post-65995","post","type-post","status-publish","format-standard","has-post-thumbnail","hentry","category-actualidad","category-policiales"],"_links":{"self":[{"href":"https:\/\/vinasfm.com\/noticias\/wp-json\/wp\/v2\/posts\/65995","targetHints":{"allow":["GET"]}}],"collection":[{"href":"https:\/\/vinasfm.com\/noticias\/wp-json\/wp\/v2\/posts"}],"about":[{"href":"https:\/\/vinasfm.com\/noticias\/wp-json\/wp\/v2\/types\/post"}],"author":[{"embeddable":true,"href":"https:\/\/vinasfm.com\/noticias\/wp-json\/wp\/v2\/users\/8"}],"replies":[{"embeddable":true,"href":"https:\/\/vinasfm.com\/noticias\/wp-json\/wp\/v2\/comments?post=65995"}],"version-history":[{"count":1,"href":"https:\/\/vinasfm.com\/noticias\/wp-json\/wp\/v2\/posts\/65995\/revisions"}],"predecessor-version":[{"id":66002,"href":"https:\/\/vinasfm.com\/noticias\/wp-json\/wp\/v2\/posts\/65995\/revisions\/66002"}],"wp:featuredmedia":[{"embeddable":true,"href":"https:\/\/vinasfm.com\/noticias\/wp-json\/wp\/v2\/media\/63435"}],"wp:attachment":[{"href":"https:\/\/vinasfm.com\/noticias\/wp-json\/wp\/v2\/media?parent=65995"}],"wp:term":[{"taxonomy":"category","embeddable":true,"href":"https:\/\/vinasfm.com\/noticias\/wp-json\/wp\/v2\/categories?post=65995"},{"taxonomy":"post_tag","embeddable":true,"href":"https:\/\/vinasfm.com\/noticias\/wp-json\/wp\/v2\/tags?post=65995"}],"curies":[{"name":"wp","href":"https:\/\/api.w.org\/{rel}","templated":true}]}}